{"id":122338,"date":"2012-07-16T17:10:00","date_gmt":"2012-07-16T21:10:00","guid":{"rendered":"http:\/\/www.noticel.com\/economia\/20120716\/wall-street-no-levanta-cabeza\/"},"modified":"2025-08-27T09:19:27","modified_gmt":"2025-08-27T09:19:27","slug":"wall-street-no-levanta-cabeza","status":"publish","type":"post","link":"https:\/\/noticel.com\/en\/economia\/20120716\/wall-street-no-levanta-cabeza\/","title":{"rendered":"Wall Street no levanta cabeza"},"content":{"rendered":"<p>Nueva York.- Wall Street cerr\u00f3 hoy en terreno negativo y el Dow Jones de Industriales, su principal indicador, descendi\u00f3 el 0,39 % en una jornada marcada por la tercera disminuci\u00f3n consecutiva de las ventas de los minoristas de EEUU en junio.<\/p>\n<p>Ese \u00edndice, que agrupa a treinta de las mayores empresas cotizadas de EEUU, rest\u00f3 49,88 puntos hasta colocarse en las 12.727,21 unidades, al tiempo que el selectivo S&lt;&gt;&lt;&gt;&lt;&gt;&lt;&gt;&lt;&gt;&lt;&gt;&lt;&gt;&amp;P 500 cedi\u00f3 el 0,23 % (-3,14 puntos) hasta los 1.353,64 enteros y el \u00edndice compuesto del mercado Nasdaq el 0,4 % (-11,53 puntos) hasta 2.896,94 unidades.\/p<\/p>\n<p>pEl parqu\u00e9 neoyorquino se mantuvo durante toda la jornada en n\u00fameros rojos debido al descenso del 0,5 % que registraron las ventas de los minoristas en junio, cuando encadenaron tres meses consecutivos de retrocesos por primera vez desde la segunda mitad de 2008.\/p<\/p><div class=\"notic-content-middle\" id=\"notic-2290506124\"><div class=\"notic-adlabel\">Advertisements<\/div><a data-no-instant=\"1\" href=\"https:\/\/qrco.de\/bgxd5v\" rel=\"noopener\" class=\"a2t-link\" target=\"_blank\" aria-label=\"DisplayAd-728&#215;902\"><img loading=\"lazy\" decoding=\"async\" src=\"https:\/\/cdn.noticel.com\/2026\/09\/02195411\/DisplayAd-728x902-1.jpg\" alt=\"\"  srcset=\"https:\/\/cdn.noticel.com\/2026\/09\/02195411\/DisplayAd-728x902-1.jpg 728w, https:\/\/cdn.noticel.com\/2026\/09\/02195411\/DisplayAd-728x902-1-300x37.jpg 300w, https:\/\/cdn.noticel.com\/2026\/09\/02195411\/DisplayAd-728x902-1-18x2.jpg 18w\" sizes=\"(max-width: 728px) 100vw, 728px\" width=\"728\" height=\"90\"   \/><\/a><\/div>\n<p>pEl dato, unido a la rebaja de las previsiones de crecimiento econ\u00f3mico mundial por parte del Fondo Monetario Internacional (FMI), impidieron a los inversores neoyorquinos celebrar que Citigroup siguiera la estela de JPMorgan y Wells Fargo la semana pasada al presentar tambi\u00e9n unos resultados mejores de lo previsto.\/p<\/p>\n<p>pEl banco moder\u00f3 sus avances a lo largo de la jornada y cerr\u00f3 con una leve ganancia del 0,6 % despu\u00e9s de anunciar que en el segundo trimestre del a\u00f1o gan\u00f3 95 centavos por acci\u00f3n, el 12 % menos interanual pero por encima de los 89 centavos que calculaban los expertos.\/p<\/p>","protected":false},"excerpt":{"rendered":"<p>Nueva York.- Wall Street cerr\u00f3 hoy en terreno negativo y el Dow Jones de Industriales, su principal indicador, descendi\u00f3 el 0,39 % en una jornada marcada por la tercera disminuci\u00f3n consecutiva de las ventas de los minoristas de EEUU en junio. Ese \u00edndice, que agrupa a treinta de las mayores empresas cotizadas de EEUU, rest\u00f3 [&hellip;]<\/p>","protected":false},"author":0,"featured_media":918343,"comment_status":"closed","ping_status":"closed","sticky":false,"template":"","format":"standard","meta":{"_acf_changed":false,"_monsterinsights_skip_tracking":false,"ep_exclude_from_search":false,"footnotes":""},"categories":[22],"tags":[],"class_list":["post-122338","post","type-post","status-publish","format-standard","has-post-thumbnail","hentry","category-economia"],"acf":[],"aioseo_notices":[],"_links":{"self":[{"href":"https:\/\/noticel.com\/en\/wp-json\/wp\/v2\/posts\/122338","targetHints":{"allow":["GET"]}}],"collection":[{"href":"https:\/\/noticel.com\/en\/wp-json\/wp\/v2\/posts"}],"about":[{"href":"https:\/\/noticel.com\/en\/wp-json\/wp\/v2\/types\/post"}],"replies":[{"embeddable":true,"href":"https:\/\/noticel.com\/en\/wp-json\/wp\/v2\/comments?post=122338"}],"version-history":[{"count":1,"href":"https:\/\/noticel.com\/en\/wp-json\/wp\/v2\/posts\/122338\/revisions"}],"predecessor-version":[{"id":918386,"href":"https:\/\/noticel.com\/en\/wp-json\/wp\/v2\/posts\/122338\/revisions\/918386"}],"wp:featuredmedia":[{"embeddable":true,"href":"https:\/\/noticel.com\/en\/wp-json\/wp\/v2\/media\/918343"}],"wp:attachment":[{"href":"https:\/\/noticel.com\/en\/wp-json\/wp\/v2\/media?parent=122338"}],"wp:term":[{"taxonomy":"category","embeddable":true,"href":"https:\/\/noticel.com\/en\/wp-json\/wp\/v2\/categories?post=122338"},{"taxonomy":"post_tag","embeddable":true,"href":"https:\/\/noticel.com\/en\/wp-json\/wp\/v2\/tags?post=122338"}],"curies":[{"name":"wp","href":"https:\/\/api.w.org\/{rel}","templated":true}]}}