{"id":122211,"date":"2015-02-24T13:03:09","date_gmt":"2015-02-24T17:03:09","guid":{"rendered":"http:\/\/www.noticel.com\/vida\/20150224\/los-sonidos-de-la-madre-son-cruciales-para-el-desarrollo-del-cerebro\/"},"modified":"2025-08-17T16:00:56","modified_gmt":"2025-08-17T16:00:56","slug":"los-sonidos-de-la-madre-son-cruciales-para-el-desarrollo-del-cerebro","status":"publish","type":"post","link":"https:\/\/noticel.com\/en\/vida-y-bienestar\/20150224\/los-sonidos-de-la-madre-son-cruciales-para-el-desarrollo-del-cerebro\/","title":{"rendered":"Los sonidos de la madre son cruciales para el desarrollo del cerebro"},"content":{"rendered":"<p>La voz y el latido del coraz\u00f3n de una madre es fundamental para el desarrollo del cerebro del feto y de los bebes prematuros, demostr\u00f3 un estudio publicado por la Academia Nacional de las Ciencias.<\/p>\n<p>En el estudio, el grupo de beb\u00e9s prematuros que fue expuesto a una grabaci\u00f3n del latido del coraz\u00f3n y a la voz de sus madres tuvo un desarrollo significativamente mayor en la corteza cerebral auditiva que aquellos beb\u00e9s que no fueron expuestos a la grabaci\u00f3n.<\/p>\n<p>El experimento se llev\u00f3 a cabo en el Brigham and Women&#8217;s Hospital de Boston. El mismo estudi\u00f3 a 40 beb\u00e9s prematuros que hab\u00edan nacido 15 semanas antes de las 37 semanas de gestaci\u00f3.<\/p><div class=\"notic-content-middle\" id=\"notic-431464680\"><div class=\"notic-adlabel\">Advertisements<\/div><a data-no-instant=\"1\" href=\"https:\/\/qrco.de\/bgxd5v\" rel=\"noopener\" class=\"a2t-link\" target=\"_blank\" aria-label=\"300X600-SEBUSCA\"><img loading=\"lazy\" decoding=\"async\" src=\"https:\/\/cdn.noticel.com\/2026\/09\/02194007\/300X600-SEBUSCA.jpg\" alt=\"\"  srcset=\"https:\/\/cdn.noticel.com\/2026\/09\/02194007\/300X600-SEBUSCA.jpg 300w, https:\/\/cdn.noticel.com\/2026\/09\/02194007\/300X600-SEBUSCA-150x300.jpg 150w, https:\/\/cdn.noticel.com\/2026\/09\/02194007\/300X600-SEBUSCA-6x12.jpg 6w\" sizes=\"(max-width: 300px) 100vw, 300px\" width=\"300\" height=\"600\"   \/><\/a><\/div>\n<p>La mitad del grupo de beb\u00e9s que fue expuesto con peque\u00f1as bocinas a los sonidos de la madre tuvo mayor desarrollo en la parte central del cerebro.<\/p>\n<p>&#8216;(Escuchar a la madre) Es parte de la receta biol\u00f3gica de c\u00f3mo cocinar un beb\u00e9. Cualquier desv\u00edo de esa receta original puede resultar en problemas del desarrollo&#8217;, explic\u00f3 para el New Yor Times el profesor de pediatr\u00eda de la Univesidad de Harvard Amir Lahav.<\/p>","protected":false},"excerpt":{"rendered":"<p>La voz y el latido del coraz\u00f3n de una madre es fundamental para el desarrollo del cerebro del feto y de los bebes prematuros, demostr\u00f3 un estudio publicado por la Academia Nacional de las Ciencias. En el estudio, el grupo de beb\u00e9s prematuros que fue expuesto a una grabaci\u00f3n del latido del coraz\u00f3n y a [&hellip;]<\/p>","protected":false},"author":0,"featured_media":859881,"comment_status":"closed","ping_status":"closed","sticky":false,"template":"","format":"standard","meta":{"_acf_changed":false,"_monsterinsights_skip_tracking":false,"ep_exclude_from_search":false,"footnotes":""},"categories":[69],"tags":[],"class_list":["post-122211","post","type-post","status-publish","format-standard","has-post-thumbnail","hentry","category-vida-y-bienestar"],"acf":[],"aioseo_notices":[],"_links":{"self":[{"href":"https:\/\/noticel.com\/en\/wp-json\/wp\/v2\/posts\/122211","targetHints":{"allow":["GET"]}}],"collection":[{"href":"https:\/\/noticel.com\/en\/wp-json\/wp\/v2\/posts"}],"about":[{"href":"https:\/\/noticel.com\/en\/wp-json\/wp\/v2\/types\/post"}],"replies":[{"embeddable":true,"href":"https:\/\/noticel.com\/en\/wp-json\/wp\/v2\/comments?post=122211"}],"version-history":[{"count":1,"href":"https:\/\/noticel.com\/en\/wp-json\/wp\/v2\/posts\/122211\/revisions"}],"predecessor-version":[{"id":859923,"href":"https:\/\/noticel.com\/en\/wp-json\/wp\/v2\/posts\/122211\/revisions\/859923"}],"wp:featuredmedia":[{"embeddable":true,"href":"https:\/\/noticel.com\/en\/wp-json\/wp\/v2\/media\/859881"}],"wp:attachment":[{"href":"https:\/\/noticel.com\/en\/wp-json\/wp\/v2\/media?parent=122211"}],"wp:term":[{"taxonomy":"category","embeddable":true,"href":"https:\/\/noticel.com\/en\/wp-json\/wp\/v2\/categories?post=122211"},{"taxonomy":"post_tag","embeddable":true,"href":"https:\/\/noticel.com\/en\/wp-json\/wp\/v2\/tags?post=122211"}],"curies":[{"name":"wp","href":"https:\/\/api.w.org\/{rel}","templated":true}]}}