{"id":122177,"date":"2016-07-01T00:00:00","date_gmt":"2016-07-01T04:00:00","guid":{"rendered":"http:\/\/www.noticel.com\/vida\/20160701\/estos-11-balnearios-tienen-bandera-verde-para-este-fin-de-semana-largo\/"},"modified":"2025-07-27T17:15:22","modified_gmt":"2025-07-27T17:15:22","slug":"estos-11-balnearios-tienen-bandera-verde-para-este-fin-de-semana-largo","status":"publish","type":"post","link":"https:\/\/noticel.com\/en\/vida-y-bienestar\/20160701\/estos-11-balnearios-tienen-bandera-verde-para-este-fin-de-semana-largo\/","title":{"rendered":"Estos 11 balnearios tienen bandera verde para este fin de semana largo"},"content":{"rendered":"<p><i>Estos 11 balnearios tienen bandera&#8230;<\/i><\/p>\n<p>Los 11 Balnearios que administra el Departamento de Recreaci\u00f3n y Deportes (DRD) bajo el Programa de Parques Nacionales, cumplen con los est\u00e1ndares establecidos en calidad de agua y est\u00e1n aptos para los ba\u00f1istas durante este fin de semana largo, seg\u00fan indic\u00f3 Ram\u00f3n Orta, Secretario del DRD.<\/p><div class=\"notic-content-middle\" id=\"notic-2924624640\"><div class=\"notic-adlabel\">Advertisements<\/div><a data-no-instant=\"1\" href=\"https:\/\/qrco.de\/bgxd5v\" rel=\"noopener\" class=\"a2t-link\" target=\"_blank\" aria-label=\"DisplayAd-970&#215;90\"><img loading=\"lazy\" decoding=\"async\" src=\"https:\/\/cdn.noticel.com\/2026\/09\/02195840\/DisplayAd-970x90-1.jpg\" alt=\"\"  srcset=\"https:\/\/cdn.noticel.com\/2026\/09\/02195840\/DisplayAd-970x90-1.jpg 970w, https:\/\/cdn.noticel.com\/2026\/09\/02195840\/DisplayAd-970x90-1-300x28.jpg 300w, https:\/\/cdn.noticel.com\/2026\/09\/02195840\/DisplayAd-970x90-1-768x71.jpg 768w, https:\/\/cdn.noticel.com\/2026\/09\/02195840\/DisplayAd-970x90-1-18x2.jpg 18w\" sizes=\"(max-width: 970px) 100vw, 970px\" width=\"970\" height=\"90\"   \/><\/a><\/div>\n<p>\u00abNuestros balnearios est\u00e1n con bandera verde seg\u00fan indica la m\u00e1s reciente monitor\u00eda de calidad de aguas de la Junta de Calidad Ambiental. Significa que est\u00e1n en condiciones \u00f3ptimas para recibir a los cientos de familias y ciudadanos que los visitar\u00e1n durante este fin de semana largo. Los exhortamos a visitarlos y utilizarlos con responsabilidad y siempre observando las reglas de seguridad del lugar\u00bb indic\u00f3 Orta.<\/p>\n<p>Los 11 balnearios son: Balneario La Monserrate en Luquillo; Balneario de Boquer\u00f3n en Cabo Rojo; Balneario Tres Hermanos en A\u00f1asco; Balneario Punta Santiago en Humacao; Balneario Punta Guilarte en Arroyo; Balneario Seven Seas en Fajardo; Balneario Sun Bay en Vieques; Balneario Ca\u00f1a Gorda en Gu\u00e1nica; Balneario Cerro Gordo en Vega Alta; Balneario Manuel \u00abNolo\u00bb Morales en Dorado y Balneario Punta Salinas en Toa Baja.<\/p>","protected":false},"excerpt":{"rendered":"<p>Estos 11 balnearios tienen bandera&#8230; Los 11 Balnearios que administra el Departamento de Recreaci\u00f3n y Deportes (DRD) bajo el Programa de Parques Nacionales, cumplen con los est\u00e1ndares establecidos en calidad de agua y est\u00e1n aptos para los ba\u00f1istas durante este fin de semana largo, seg\u00fan indic\u00f3 Ram\u00f3n Orta, Secretario del DRD. \u00abNuestros balnearios est\u00e1n con [&hellip;]<\/p>","protected":false},"author":0,"featured_media":592741,"comment_status":"closed","ping_status":"closed","sticky":false,"template":"","format":"standard","meta":{"_acf_changed":false,"_monsterinsights_skip_tracking":false,"ep_exclude_from_search":false,"footnotes":""},"categories":[69],"tags":[],"class_list":["post-122177","post","type-post","status-publish","format-standard","has-post-thumbnail","hentry","category-vida-y-bienestar"],"acf":[],"aioseo_notices":[],"_links":{"self":[{"href":"https:\/\/noticel.com\/en\/wp-json\/wp\/v2\/posts\/122177","targetHints":{"allow":["GET"]}}],"collection":[{"href":"https:\/\/noticel.com\/en\/wp-json\/wp\/v2\/posts"}],"about":[{"href":"https:\/\/noticel.com\/en\/wp-json\/wp\/v2\/types\/post"}],"replies":[{"embeddable":true,"href":"https:\/\/noticel.com\/en\/wp-json\/wp\/v2\/comments?post=122177"}],"version-history":[{"count":1,"href":"https:\/\/noticel.com\/en\/wp-json\/wp\/v2\/posts\/122177\/revisions"}],"predecessor-version":[{"id":592754,"href":"https:\/\/noticel.com\/en\/wp-json\/wp\/v2\/posts\/122177\/revisions\/592754"}],"wp:featuredmedia":[{"embeddable":true,"href":"https:\/\/noticel.com\/en\/wp-json\/wp\/v2\/media\/592741"}],"wp:attachment":[{"href":"https:\/\/noticel.com\/en\/wp-json\/wp\/v2\/media?parent=122177"}],"wp:term":[{"taxonomy":"category","embeddable":true,"href":"https:\/\/noticel.com\/en\/wp-json\/wp\/v2\/categories?post=122177"},{"taxonomy":"post_tag","embeddable":true,"href":"https:\/\/noticel.com\/en\/wp-json\/wp\/v2\/tags?post=122177"}],"curies":[{"name":"wp","href":"https:\/\/api.w.org\/{rel}","templated":true}]}}