{"id":121519,"date":"2015-03-06T15:32:16","date_gmt":"2015-03-06T19:32:16","guid":{"rendered":"http:\/\/www.noticel.com\/vida\/20150306\/continua-el-festival-casals-con-presentacion-del-cuarteto-shanghai-galeria-2\/"},"modified":"2025-07-21T20:54:42","modified_gmt":"2025-07-21T20:54:42","slug":"continua-el-festival-casals-con-presentacion-del-cuarteto-shanghai-galeria-2","status":"publish","type":"post","link":"https:\/\/noticel.com\/en\/vida-y-bienestar\/20150306\/continua-el-festival-casals-con-presentacion-del-cuarteto-shanghai-galeria-2\/","title":{"rendered":"Contin\u00faa el Festival Casals con presentaci\u00f3n del Cuarteto Shanghai (galer\u00eda"},"content":{"rendered":"<p>El Cuarteto Shanghai tendr\u00e1 a su cargo el inicio de la segunda semana del Festival Casals 2015, con un concierto en la Sala Sinf\u00f3nica Pablo Casals hoy viernes 6 de marzo a las 8:00 p.m. El conjunto se ha presentado anteriormente en Puerto Rico con una excelente acogida.<\/p>\n<p>En esta ocasi\u00f3n estar\u00e1n presentando el Cuarteto en fa mayor para cuerdas de M. Ravel, el Cuarteto n\u00fam. 3 para cuerdas de K. Penderecki, y el Cuarteto para cuerdas, Op. 59, n\u00fam. 2 de L v Beethoven. El cuarteto se origin\u00f3 en el Conservatorio de Shanghai en 1983, y desde entonces se ha presentado extensamente en Europa, Asia y las Am\u00e9ricas, desde el Festival Internacional de Pek\u00edn, hasta el Carnegie Hall de Nueva York y el Festival de Beethoven en Praga.<\/p>\n<p>La Orquesta Sinf\u00f3nica de Puerto Rico vuelve al Teatro de la Universidad de Puerto Rico el s\u00e1bado 7 de marzo a las 8:00 p.m., bajo la direcci\u00f3n del maestro alem\u00e1n Helmuth Rilling, presentando la monumental Pasi\u00f3n seg\u00fan San Mateo de J.S. Bach, acompa\u00f1ada de la Coral Filarm\u00f3nica de San Juan, el Coro de Ni\u00f1os de San Juan, y cantantes del conjunto Tenet.<\/p>\n<p>El maestro Rilling, nacido en la ciudad de Stuttgart, Alemania, es aclamado internacionalmente como director, pedagogo y experto en Bach. Fund\u00f3 el reconocido coro G\u00e4chinger Kantorei que uni\u00f3 fuerzas con el Colegio Bach de Stuttgart como su socio orquestal regular.<\/p><div class=\"notic-content-middle\" id=\"notic-522112256\"><div class=\"notic-adlabel\">Advertisements<\/div><a data-no-instant=\"1\" href=\"https:\/\/www.asegurate-bien.com\/\" rel=\"noopener\" class=\"a2t-link\" target=\"_blank\" aria-label=\"Acodese-Adaptaciones-Noticel-300&#215;250\"><img loading=\"lazy\" decoding=\"async\" src=\"https:\/\/cdn.noticel.com\/2026\/05\/30094423\/Acodese-Adaptaciones-Noticel-300x250-1.jpg\" alt=\"\"  srcset=\"https:\/\/cdn.noticel.com\/2026\/05\/30094423\/Acodese-Adaptaciones-Noticel-300x250-1.jpg 300w, https:\/\/cdn.noticel.com\/2026\/05\/30094423\/Acodese-Adaptaciones-Noticel-300x250-1-14x12.jpg 14w\" sizes=\"(max-width: 300px) 100vw, 300px\" width=\"300\" height=\"250\"   \/><\/a><\/div>\n<p>Mientras, la Coral Filarm\u00f3nica de San Juan por m\u00e1s de un cuarto de siglo, ha sido referente del arte coral del pa\u00eds y ha establecido altos est\u00e1ndares de musicalidad y profesionalismo. Bajo la direcci\u00f3n de Carmen Acevedo Luc\u00edo, ha colaborado con el Festival Casals y la Orquesta Sinf\u00f3nica de Puerto Rico.<\/p>\n<p>Por su parte, el Coro de Ni\u00f1os de San Juan, dirigido por Mar\u00eda G. Fern\u00e1ndez, es una instituci\u00f3n dedicada a la educaci\u00f3n musical de ni\u00f1os entre 5 y 18 a\u00f1os seleccionados despu\u00e9s de una minuciosa audici\u00f3n. Fundado en 1966, ha logrado numerosos reconocimientos internacionales.<\/p>\n<p>La semana culmina con otro concierto gratuito, La magia de Casals, el domingo 8 de marzo a las 4:00 p.m. en el Teatro de la Universidad de Puerto Rico. La entrada ser\u00e1 por orden de llegada y no se requiere boleto. El concierto es un tributo al reconocido clarinetista Mitchell Lurie y al maestro Pablo Casals. Participan Kathleen Jones en clarinete, Luis Miguel Rojas en el violonchelo, y Alan Lurie en piano, quines interpretar\u00e1n piezas de Beethoven, Brahms, Mendelssohn y Ravel, entre otras.<\/p>\n<p>Los boletos para el Festival est\u00e1n a la venta en Ticketpop (787-294-0001), en Walmart y Amigo, y en el Centro de Bellas Artes de Santurce (787-620-4444). Para m\u00e1s informaci\u00f3n llame al 787-918-1106, visite su p\u00e1gina de Facebook, o escriba al correo srodriguez@cam.pr.gov.<\/p>\n<p><img decoding=\"async\" embed-content-articleid=\"610383586\" embed-content-groupid=\"593030471\" embed-content-id=\"610383587\" embed-content-index=\"0\" embed-content-type=\"GALLERY\" src=\"https:\/\/media.noticel.com\/o2com-noti-media-us-east-1\/photo\/2015\/03\/06\/8e79eba2abf84fc21c8dc740edd38b8c_8148388_ver1.0_320_240.jpg\"\/>\u00a0\u00a0\u00a0<\/p>","protected":false},"excerpt":{"rendered":"<p>El Cuarteto Shanghai tendr\u00e1 a su cargo el inicio de la segunda semana del Festival Casals 2015, con un concierto en la Sala Sinf\u00f3nica Pablo Casals hoy viernes 6 de marzo a las 8:00 p.m. El conjunto se ha presentado anteriormente en Puerto Rico con una excelente acogida. En esta ocasi\u00f3n estar\u00e1n presentando el Cuarteto [&hellip;]<\/p>","protected":false},"author":0,"featured_media":548951,"comment_status":"closed","ping_status":"closed","sticky":false,"template":"","format":"standard","meta":{"_acf_changed":false,"_monsterinsights_skip_tracking":false,"ep_exclude_from_search":false,"footnotes":""},"categories":[69],"tags":[],"class_list":["post-121519","post","type-post","status-publish","format-standard","has-post-thumbnail","hentry","category-vida-y-bienestar"],"acf":[],"aioseo_notices":[],"_links":{"self":[{"href":"https:\/\/noticel.com\/en\/wp-json\/wp\/v2\/posts\/121519","targetHints":{"allow":["GET"]}}],"collection":[{"href":"https:\/\/noticel.com\/en\/wp-json\/wp\/v2\/posts"}],"about":[{"href":"https:\/\/noticel.com\/en\/wp-json\/wp\/v2\/types\/post"}],"replies":[{"embeddable":true,"href":"https:\/\/noticel.com\/en\/wp-json\/wp\/v2\/comments?post=121519"}],"version-history":[{"count":1,"href":"https:\/\/noticel.com\/en\/wp-json\/wp\/v2\/posts\/121519\/revisions"}],"predecessor-version":[{"id":549021,"href":"https:\/\/noticel.com\/en\/wp-json\/wp\/v2\/posts\/121519\/revisions\/549021"}],"wp:featuredmedia":[{"embeddable":true,"href":"https:\/\/noticel.com\/en\/wp-json\/wp\/v2\/media\/548951"}],"wp:attachment":[{"href":"https:\/\/noticel.com\/en\/wp-json\/wp\/v2\/media?parent=121519"}],"wp:term":[{"taxonomy":"category","embeddable":true,"href":"https:\/\/noticel.com\/en\/wp-json\/wp\/v2\/categories?post=121519"},{"taxonomy":"post_tag","embeddable":true,"href":"https:\/\/noticel.com\/en\/wp-json\/wp\/v2\/tags?post=121519"}],"curies":[{"name":"wp","href":"https:\/\/api.w.org\/{rel}","templated":true}]}}