{"id":121127,"date":"2015-10-30T08:40:00","date_gmt":"2015-10-30T12:40:00","guid":{"rendered":"http:\/\/www.noticel.com\/ahora\/politica\/20151030\/pnp-tiene-que-hacer-ajustes-en-su-estrategia-si-agp-no-se-postula\/"},"modified":"2025-07-18T09:26:24","modified_gmt":"2025-07-18T09:26:24","slug":"pnp-tiene-que-hacer-ajustes-en-su-estrategia-si-agp-no-se-postula","status":"publish","type":"post","link":"https:\/\/noticel.com\/en\/ultima-hora\/20151030\/pnp-tiene-que-hacer-ajustes-en-su-estrategia-si-agp-no-se-postula\/","title":{"rendered":"PNP tiene que hacer &#8216;ajustes en su estrategia&#8217; si AGP no se postula"},"content":{"rendered":"<p>El senador y vicepresidente del Partido Nuevo Progresista (PNP) Thomas Rivera Schatz asegur\u00f3 el viernes que ante la posibilidad de que el gobernador Alejandro Garc\u00eda Padilla no se postule para la reelecci\u00f3n, la Palma tiene que hacer ajustes en su estrategia.<\/p>\n<p>&#8216;Yo creo que el problema no es piloto ni avi\u00f3n\u2026 Es el destino, es pa&#8217; d\u00f3nde van\u2026 Es hacia d\u00f3nde van. Y yo creo que el pueblo puertorrique\u00f1o descart\u00f3 al Partido Popular, tras la figura de Alejandro. Y nuestro partido tiene entonces que elaborar un mensaje y confeccionar un equipo, que la gente entienda que es diferente, en el sentido m\u00e1s amplio, al Partido Popular&#8217;, dijo Rivera Schatz en una entrevista con Notiuno.<\/p>\n<p>El expresidente del Senado dijo que si Garc\u00eda Padilla no termina siendo el candidato de la Pava, &#8216;es otra configuraci\u00f3n la que tiene que hacerse&#8217;, as\u00ed como llevar &#8216;otro mensaje&#8217; y &#8216;otra campa\u00f1a&#8217;.<\/p><div class=\"notic-content-middle\" id=\"notic-3765026876\"><div class=\"notic-adlabel\">Advertisements<\/div><a data-no-instant=\"1\" href=\"https:\/\/qrco.de\/bgxd5v\" rel=\"noopener\" class=\"a2t-link\" target=\"_blank\" aria-label=\"300X600-SEBUSCA\"><img loading=\"lazy\" decoding=\"async\" src=\"https:\/\/cdn.noticel.com\/2026\/09\/02194007\/300X600-SEBUSCA.jpg\" alt=\"\"  srcset=\"https:\/\/cdn.noticel.com\/2026\/09\/02194007\/300X600-SEBUSCA.jpg 300w, https:\/\/cdn.noticel.com\/2026\/09\/02194007\/300X600-SEBUSCA-150x300.jpg 150w, https:\/\/cdn.noticel.com\/2026\/09\/02194007\/300X600-SEBUSCA-6x12.jpg 6w\" sizes=\"(max-width: 300px) 100vw, 300px\" width=\"300\" height=\"600\"   \/><\/a><\/div>\n<p>Mientras tanto, sobre su aspiraci\u00f3n a la candidatura a la gobernaci\u00f3n de Puerto Rico por el PNP, Rivera Schatz dijo que har\u00e1 un anuncio a esos efectos en noviembre.<\/p>\n<p>&#8216;Hay muchas cosas que ocurren. Por ejemplo, el gobernador Alejandro Garc\u00eda Padilla, hace unos meses atr\u00e1s dijo que era candidato a la reelecci\u00f3n, y que \u00e9l iba pa&#8217; lante. Y dijo en la Convenci\u00f3n (del PPD), m\u00e1s recientemente, que en el PNP hab\u00eda un candidato que no ten\u00eda pantalones y otro que estaba en pa\u00f1ales. Eso lo dijo \u00e9l. Y hoy, el discurso es que est\u00e1 conversando con alcaldes en la casa de Fajardo&#8217;, asever\u00f3 Rivera Schatz.<\/p>\n<p>La contienda primarista dentro del PNP, por ahora se perfila entre el licenciado Rivera Schatz, el comisionado residente Pedro Pierluisi y el doctor Ricardo Rossell\u00f3.<\/p>","protected":false},"excerpt":{"rendered":"<p>El senador y vicepresidente del Partido Nuevo Progresista (PNP) Thomas Rivera Schatz asegur\u00f3 el viernes que ante la posibilidad de que el gobernador Alejandro Garc\u00eda Padilla no se postule para la reelecci\u00f3n, la Palma tiene que hacer ajustes en su estrategia. &#8216;Yo creo que el problema no es piloto ni avi\u00f3n\u2026 Es el destino, es [&hellip;]<\/p>","protected":false},"author":0,"featured_media":507474,"comment_status":"closed","ping_status":"closed","sticky":false,"template":"","format":"standard","meta":{"_acf_changed":false,"_monsterinsights_skip_tracking":false,"ep_exclude_from_search":false,"footnotes":""},"categories":[7,2],"tags":[],"class_list":["post-121127","post","type-post","status-publish","format-standard","has-post-thumbnail","hentry","category-politica","category-ultima-hora"],"acf":[],"aioseo_notices":[],"_links":{"self":[{"href":"https:\/\/noticel.com\/en\/wp-json\/wp\/v2\/posts\/121127","targetHints":{"allow":["GET"]}}],"collection":[{"href":"https:\/\/noticel.com\/en\/wp-json\/wp\/v2\/posts"}],"about":[{"href":"https:\/\/noticel.com\/en\/wp-json\/wp\/v2\/types\/post"}],"replies":[{"embeddable":true,"href":"https:\/\/noticel.com\/en\/wp-json\/wp\/v2\/comments?post=121127"}],"version-history":[{"count":1,"href":"https:\/\/noticel.com\/en\/wp-json\/wp\/v2\/posts\/121127\/revisions"}],"predecessor-version":[{"id":507478,"href":"https:\/\/noticel.com\/en\/wp-json\/wp\/v2\/posts\/121127\/revisions\/507478"}],"wp:featuredmedia":[{"embeddable":true,"href":"https:\/\/noticel.com\/en\/wp-json\/wp\/v2\/media\/507474"}],"wp:attachment":[{"href":"https:\/\/noticel.com\/en\/wp-json\/wp\/v2\/media?parent=121127"}],"wp:term":[{"taxonomy":"category","embeddable":true,"href":"https:\/\/noticel.com\/en\/wp-json\/wp\/v2\/categories?post=121127"},{"taxonomy":"post_tag","embeddable":true,"href":"https:\/\/noticel.com\/en\/wp-json\/wp\/v2\/tags?post=121127"}],"curies":[{"name":"wp","href":"https:\/\/api.w.org\/{rel}","templated":true}]}}