{"id":120996,"date":"2016-05-19T06:46:00","date_gmt":"2016-05-19T10:46:00","guid":{"rendered":"http:\/\/www.noticel.com\/economia\/20160519\/bayer-confirma-conversaciones-con-monsanto-sobre-posible-adquisicion\/"},"modified":"2025-07-28T02:53:46","modified_gmt":"2025-07-28T02:53:46","slug":"bayer-confirma-conversaciones-con-monsanto-sobre-posible-adquisicion","status":"publish","type":"post","link":"https:\/\/noticel.com\/en\/economia\/20160519\/bayer-confirma-conversaciones-con-monsanto-sobre-posible-adquisicion\/","title":{"rendered":"Bayer confirma conversaciones con Monsanto sobre posible adquisici\u00f3n"},"content":{"rendered":"<p>El grupo farmaceutico y qu\u00edmico alem\u00e1n Bayer confirm\u00f3 hoy, en un comunicado, la informaci\u00f3n previa difundida por la multinacional estadounidense de biotecnolog\u00eda Monsanto de que ambas empresas han mantenido conversaciones relativas a una adquisici\u00f3n, por parte de la compa\u00f1\u00eda alemana.<\/p>\n<p>&#8216;Representantes de Bayer se reunieron recientemente con miembros de la gerencia de la compa\u00f1\u00eda Monsanto para hablar confidencialmente sobre una adquisici\u00f3n de com\u00fan acuerdo&#8217;, se\u00f1ala el grupo alem\u00e1n en su comunicado.<\/p>\n<p>Recuerda que tal fusi\u00f3n &#8216;reforzar\u00eda a Bayer como empresa global de innovaci\u00f3n en ciencias de la vida con posiciones punteras en sus actividades principales y crear\u00eda una actividad agraria l\u00edder integrada &#8216;.<\/p>\n<p>El grupo alem\u00e1n se\u00f1ala que su comunicado responde a la declaraci\u00f3n difundida por Monsanto relativa a la propuesta de Bayer y que, en caso necesario, publicar\u00e1 informaci\u00f3n adicional.<\/p>\n<p>Monsanto, por su parte, hab\u00eda dado a conocer un comunicado en el que aseguraba haber recibido una oferta de adquisici\u00f3n por parte de Bayer.<\/p>\n<p>De acuerdo con Monsanto, que evit\u00f3 revelar la cuant\u00eda de la oferta, se trata de una propuesta no vinculante y no solicitada.<\/p>\n<p>Desde hace d\u00edas, han aparecido informaciones en la prensa que apuntan a que Bayer estudia una adquisici\u00f3n de Monsanto.<\/p>\n<p>Bayer ha iniciado discusiones internas y con asesores sobre la compra de Monsanto, que tiene una capitalizaci\u00f3n burs\u00e1til de 42,000 millones de d\u00f3lares (unos 37,443 millones de euros).<\/p>","protected":false},"excerpt":{"rendered":"<p>El grupo farmaceutico y qu\u00edmico alem\u00e1n Bayer confirm\u00f3 hoy, en un comunicado, la informaci\u00f3n previa difundida por la multinacional estadounidense de biotecnolog\u00eda Monsanto de que ambas empresas han mantenido conversaciones relativas a una adquisici\u00f3n, por parte de la compa\u00f1\u00eda alemana. &#8216;Representantes de Bayer se reunieron recientemente con miembros de la gerencia de la compa\u00f1\u00eda Monsanto [&hellip;]<\/p>","protected":false},"author":0,"featured_media":596498,"comment_status":"closed","ping_status":"closed","sticky":false,"template":"","format":"standard","meta":{"_acf_changed":false,"_monsterinsights_skip_tracking":false,"ep_exclude_from_search":false,"footnotes":""},"categories":[22],"tags":[],"class_list":["post-120996","post","type-post","status-publish","format-standard","has-post-thumbnail","hentry","category-economia"],"acf":[],"aioseo_notices":[],"_links":{"self":[{"href":"https:\/\/noticel.com\/en\/wp-json\/wp\/v2\/posts\/120996","targetHints":{"allow":["GET"]}}],"collection":[{"href":"https:\/\/noticel.com\/en\/wp-json\/wp\/v2\/posts"}],"about":[{"href":"https:\/\/noticel.com\/en\/wp-json\/wp\/v2\/types\/post"}],"replies":[{"embeddable":true,"href":"https:\/\/noticel.com\/en\/wp-json\/wp\/v2\/comments?post=120996"}],"version-history":[{"count":1,"href":"https:\/\/noticel.com\/en\/wp-json\/wp\/v2\/posts\/120996\/revisions"}],"predecessor-version":[{"id":596519,"href":"https:\/\/noticel.com\/en\/wp-json\/wp\/v2\/posts\/120996\/revisions\/596519"}],"wp:featuredmedia":[{"embeddable":true,"href":"https:\/\/noticel.com\/en\/wp-json\/wp\/v2\/media\/596498"}],"wp:attachment":[{"href":"https:\/\/noticel.com\/en\/wp-json\/wp\/v2\/media?parent=120996"}],"wp:term":[{"taxonomy":"category","embeddable":true,"href":"https:\/\/noticel.com\/en\/wp-json\/wp\/v2\/categories?post=120996"},{"taxonomy":"post_tag","embeddable":true,"href":"https:\/\/noticel.com\/en\/wp-json\/wp\/v2\/tags?post=120996"}],"curies":[{"name":"wp","href":"https:\/\/api.w.org\/{rel}","templated":true}]}}