{"id":120552,"date":"2018-06-29T11:46:18","date_gmt":"2018-06-29T15:46:18","guid":{"rendered":"http:\/\/www.noticel.com\/deportes\/20180629\/conoce-quien-encendera-la-fiesta-en-los-centroamericanos\/"},"modified":"2025-07-18T22:45:06","modified_gmt":"2025-07-18T22:45:06","slug":"conoce-quien-encendera-la-fiesta-en-los-centroamericanos","status":"publish","type":"post","link":"https:\/\/noticel.com\/en\/deportes\/20180629\/conoce-quien-encendera-la-fiesta-en-los-centroamericanos\/","title":{"rendered":"Conoce qui\u00e9n encender\u00e1 la fiesta en los Centroamericanos"},"content":{"rendered":"<p><i>La cantautora regresar\u00e1 a su pa\u00eds<\/i><\/p>\n<p>La fiesta centroamericana la encender\u00e1 Shakira. La cantautora fue confirmada para participar en la ceremonia de apertura de los Juegos Centroamericanos y del Caribe Barranquilla 2018, a celebrarse el pr\u00f3ximo 19 de julio.<\/p>\n<p>El anuncio fue hecho por el alcalde de Barranquilla, Alejandro Char, en un video publicado en la cuenta oficial de los Juegos en Twitter.<\/p>\n<p>&#8216;Gracias Shakira por aceptar nuestra invitaci\u00f3n de estar en nuestra ceremonia inaugural de los Juegos Centroamericanos y del Caribe en Barranquilla. Felices estamos todos los colombianos y por supuesto, todos los barranquilleros, de esa gran fiesta deportiva, donde Barranquilla brillar\u00e1 ante el mundo y tu ser\u00e1s nuestro sol&#8217;, dijo Char.<\/p><div class=\"notic-content-middle\" id=\"notic-3152923286\"><div class=\"notic-adlabel\">Advertisements<\/div><a data-no-instant=\"1\" href=\"https:\/\/www.asegurate-bien.com\/\" rel=\"noopener\" class=\"a2t-link\" target=\"_blank\" aria-label=\"Acodese-Adaptaciones-Noticel-970&#215;90\"><img loading=\"lazy\" decoding=\"async\" src=\"https:\/\/cdn.noticel.com\/2026\/07\/30100146\/Acodese-Adaptaciones-Noticel-970x90-1.jpg\" alt=\"\"  srcset=\"https:\/\/cdn.noticel.com\/2026\/07\/30100146\/Acodese-Adaptaciones-Noticel-970x90-1.jpg 970w, https:\/\/cdn.noticel.com\/2026\/07\/30100146\/Acodese-Adaptaciones-Noticel-970x90-1-300x28.jpg 300w, https:\/\/cdn.noticel.com\/2026\/07\/30100146\/Acodese-Adaptaciones-Noticel-970x90-1-768x71.jpg 768w, https:\/\/cdn.noticel.com\/2026\/07\/30100146\/Acodese-Adaptaciones-Noticel-970x90-1-18x2.jpg 18w\" sizes=\"(max-width: 970px) 100vw, 970px\" width=\"970\" height=\"90\"   \/><\/a><\/div>\n<p>{&#8216;url&#8217;:&#8217;https:\/\/twitter.com\/shakira\/status\/1012694090155057153&#8242;,&#8217;author_name&#8217;:&#8217;Shakira &#8216;,&#8217;author_url&#8217;:&#8217;https:\/\/twitter.com\/shakira&#8217;,&#8217;html&#8217;:&#8217;lt;blockquote class=&#8217;twitter-tweet&#8217;gt;lt;p lang=&#8217;es&#8217; dir=&#8217;ltr&#8217;gt;Muy pronto estare cantando en mi casa y para mi gente en los Juegos Centroamericanos y del Caribe que se celebran en el rinc\u00f3n del mundo que m\u00e1s quiero!! Barranquilla lt;a href=&#8217;https:\/\/twitter.com\/Bquilla2018?ref_src=twsrc%5Etfw&#8217;gt;@bquilla2018lt;\/agt;!!!!! Shak lt;a href=&#8217;https:\/\/t.co\/Cp68qYhjMK&#8217;gt;pic.twitter.com\/Cp68qYhjMKlt;\/agt;lt;\/pgt;&#8211; Shakira  (@shakira) lt;a href=&#8217;https:\/\/twitter.com\/shakira\/status\/1012694090155057153?ref_src=twsrc%5Etfw&#8217;gt;June 29, 2018lt;\/agt;lt;\/blockquotegt;nlt;script async src=&#8217;https:\/\/platform.twitter.com\/widgets.js&#8217; charset=&#8217;utf-8&#8217;gt;lt;\/scriptgt;n&#8217;,&#8217;width&#8217;:550,&#8217;height&#8217;:null,&#8217;type&#8217;:&#8217;rich&#8217;,&#8217;cache_age&#8217;:&#8217;3153600000&#8242;,&#8217;provider_name&#8217;:&#8217;Twitter&#8217;,&#8217;provider_url&#8217;:&#8217;https:\/\/twitter.com&#8217;,&#8217;version&#8217;:&#8217;1.0&#8242;}<\/p>\n<p>Por su parte, Shakira tambien public\u00f3 en Twitter &#8216;muy pronto estare cantando en mi casa y para mi gente en los Juegos Centroamericanos y del Caribe que se celebran en el rinc\u00f3n del mundo que m\u00e1s quiero&#8217;, comparti\u00f3 la interprete de exitos como &#8216;D\u00f3nde est\u00e1n los landores&#8217;, &#8216;Estoy aqu\u00ed&#8217;, &#8216;Ciega, Sorda, Muda&#8217;, entre otros.<\/p>\n<p>La cantante protagoniz\u00f3 el exito oficial de la Copa del Mundo FIFA 2014 titulada como &#8216;Waka Waka&#8217;.<\/p>\n<p>{&#8216;url&#8217;:&#8217;https:\/\/twitter.com\/AlejandroChar\/status\/1012694999354392582&#8242;,&#8217;author_name&#8217;:&#8217;Alejandro Char&#8217;,&#8217;author_url&#8217;:&#8217;https:\/\/twitter.com\/AlejandroChar&#8217;,&#8217;html&#8217;:&#8217;lt;blockquote class=&#8217;twitter-tweet&#8217;gt;lt;p lang=&#8217;es&#8217; dir=&#8217;ltr&#8217;gt;Solo una cosa faltaba para que los Juegos lt;a href=&#8217;https:\/\/twitter.com\/Bquilla2018?ref_src=twsrc%5Etfw&#8217;gt;@Bquilla2018lt;\/agt; fueran inolvidables y es la noticia que est\u00e1bamos esperando: \u00a1lt;a href=&#8217;https:\/\/twitter.com\/shakira?ref_src=twsrc%5Etfw&#8217;gt;@shakiralt;\/agt; ser\u00e1 nuestra gran anfitriona en la inauguraci\u00f3n. El 19 de julio, haremos historia! lt;a href=&#8217;https:\/\/twitter.com\/hashtag\/ShakiraEnBarranquilla?src=hash&amp;ref_src=twsrc%5Etfw&#8217;gt;#ShakiraEnBarranquillalt;\/agt; lt;a href=&#8217;https:\/\/t.co\/ArL0CwPEbt&#8217;gt;pic.twitter.com\/ArL0CwPEbtlt;\/agt;lt;\/pgt;&#8211; Alejandro Char (@AlejandroChar) lt;a href=&#8217;https:\/\/twitter.com\/AlejandroChar\/status\/1012694999354392582?ref_src=twsrc%5Etfw&#8217;gt;June 29, 2018lt;\/agt;lt;\/blockquotegt;nlt;script async src=&#8217;https:\/\/platform.twitter.com\/widgets.js&#8217; charset=&#8217;utf-8&#8217;gt;lt;\/scriptgt;n&#8217;,&#8217;width&#8217;:550,&#8217;height&#8217;:null,&#8217;type&#8217;:&#8217;rich&#8217;,&#8217;cache_age&#8217;:&#8217;3153600000&#8242;,&#8217;provider_name&#8217;:&#8217;Twitter&#8217;,&#8217;provider_url&#8217;:&#8217;https:\/\/twitter.com&#8217;,&#8217;version&#8217;:&#8217;1.0&#8242;}<\/p>","protected":false},"excerpt":{"rendered":"<p>La cantautora regresar\u00e1 a su pa\u00eds La fiesta centroamericana la encender\u00e1 Shakira. La cantautora fue confirmada para participar en la ceremonia de apertura de los Juegos Centroamericanos y del Caribe Barranquilla 2018, a celebrarse el pr\u00f3ximo 19 de julio. El anuncio fue hecho por el alcalde de Barranquilla, Alejandro Char, en un video publicado en [&hellip;]<\/p>","protected":false},"author":0,"featured_media":521757,"comment_status":"closed","ping_status":"closed","sticky":false,"template":"","format":"standard","meta":{"_acf_changed":false,"_monsterinsights_skip_tracking":false,"ep_exclude_from_search":false,"footnotes":""},"categories":[31],"tags":[],"class_list":["post-120552","post","type-post","status-publish","format-standard","has-post-thumbnail","hentry","category-deportes"],"acf":[],"aioseo_notices":[],"_links":{"self":[{"href":"https:\/\/noticel.com\/en\/wp-json\/wp\/v2\/posts\/120552","targetHints":{"allow":["GET"]}}],"collection":[{"href":"https:\/\/noticel.com\/en\/wp-json\/wp\/v2\/posts"}],"about":[{"href":"https:\/\/noticel.com\/en\/wp-json\/wp\/v2\/types\/post"}],"replies":[{"embeddable":true,"href":"https:\/\/noticel.com\/en\/wp-json\/wp\/v2\/comments?post=120552"}],"version-history":[{"count":1,"href":"https:\/\/noticel.com\/en\/wp-json\/wp\/v2\/posts\/120552\/revisions"}],"predecessor-version":[{"id":521758,"href":"https:\/\/noticel.com\/en\/wp-json\/wp\/v2\/posts\/120552\/revisions\/521758"}],"wp:featuredmedia":[{"embeddable":true,"href":"https:\/\/noticel.com\/en\/wp-json\/wp\/v2\/media\/521757"}],"wp:attachment":[{"href":"https:\/\/noticel.com\/en\/wp-json\/wp\/v2\/media?parent=120552"}],"wp:term":[{"taxonomy":"category","embeddable":true,"href":"https:\/\/noticel.com\/en\/wp-json\/wp\/v2\/categories?post=120552"},{"taxonomy":"post_tag","embeddable":true,"href":"https:\/\/noticel.com\/en\/wp-json\/wp\/v2\/tags?post=120552"}],"curies":[{"name":"wp","href":"https:\/\/api.w.org\/{rel}","templated":true}]}}