{"id":120424,"date":"2015-11-26T17:46:00","date_gmt":"2015-11-26T21:46:00","guid":{"rendered":"https:\/\/www.noticel.com\/la-calle\/20151126\/policias-reparten-comida-en-la-vispera-de-accion-de-gracias-galeria\/"},"modified":"2025-07-27T07:08:51","modified_gmt":"2025-07-27T07:08:51","slug":"policias-reparten-comida-en-la-vispera-de-accion-de-gracias-galeria","status":"publish","type":"post","link":"https:\/\/noticel.com\/en\/noticias\/la-calle\/20151126\/policias-reparten-comida-en-la-vispera-de-accion-de-gracias-galeria\/","title":{"rendered":"Polic\u00edas reparten comida en la v\u00edspera de Acci\u00f3n de Gracias (galer\u00eda)"},"content":{"rendered":"<p>En un gesto de amor y servicio comunitario, oficiales del precinto Carolina Norte de la Polic\u00eda de Puerto Rico se lanzaron a la calle en la v\u00edspera del d\u00eda de Acci\u00f3n de Gracias para alimentar a varios deambulantes en su jurisdicci\u00f3n.<\/p>\n<p>El sargento Gonz\u00e1lez, junto a los agentes Dey\u00e1, Fern\u00e1ndez y Hern\u00e1ndez, repartieron a cinco deambulantes del \u00e1rea alimentos que hab\u00edan sido donados por el Comit\u00e9 de Seguridad Vecinal de la Urbanizaci\u00f3n Vistamar para los uniformados del turno que labora de 8:00 p.m. hasta las 4:00 a.m.<\/p>\n<p>En vez de botar lo que sobr\u00f3, realizaron el peque\u00f1o gesto que, para aquellos que no tienen hogar, un plato de comida caliente es una bendici\u00f3n poco recibida.<\/p>\n<p>Mira aqu\u00ed la galer\u00eda:<\/p>\n<p><img decoding=\"async\" embed-content-articleid=\"610398118\" embed-content-groupid=\"593030471\" embed-content-id=\"610398119\" embed-content-index=\"0\" embed-content-type=\"GALLERY\" src=\"https:\/\/media.noticel.com\/o2com-noti-media-us-east-1\/photo\/2015\/11\/26\/d0050ce1f4c5d49f4c963046a16de057_8152141_ver1.0_320_240.jpg\"\/>\u00a0\u00a0\u00a0\u00a0\u00a0<\/p>","protected":false},"excerpt":{"rendered":"<p>En un gesto de amor y servicio comunitario, oficiales del precinto Carolina Norte de la Polic\u00eda de Puerto Rico se lanzaron a la calle en la v\u00edspera del d\u00eda de Acci\u00f3n de Gracias para alimentar a varios deambulantes en su jurisdicci\u00f3n. El sargento Gonz\u00e1lez, junto a los agentes Dey\u00e1, Fern\u00e1ndez y Hern\u00e1ndez, repartieron a cinco [&hellip;]<\/p>","protected":false},"author":0,"featured_media":589013,"comment_status":"closed","ping_status":"closed","sticky":false,"template":"","format":"standard","meta":{"_acf_changed":false,"_monsterinsights_skip_tracking":false,"ep_exclude_from_search":false,"footnotes":""},"categories":[12],"tags":[],"class_list":["post-120424","post","type-post","status-publish","format-standard","has-post-thumbnail","hentry","category-la-calle"],"acf":[],"aioseo_notices":[],"_links":{"self":[{"href":"https:\/\/noticel.com\/en\/wp-json\/wp\/v2\/posts\/120424","targetHints":{"allow":["GET"]}}],"collection":[{"href":"https:\/\/noticel.com\/en\/wp-json\/wp\/v2\/posts"}],"about":[{"href":"https:\/\/noticel.com\/en\/wp-json\/wp\/v2\/types\/post"}],"replies":[{"embeddable":true,"href":"https:\/\/noticel.com\/en\/wp-json\/wp\/v2\/comments?post=120424"}],"version-history":[{"count":1,"href":"https:\/\/noticel.com\/en\/wp-json\/wp\/v2\/posts\/120424\/revisions"}],"predecessor-version":[{"id":589222,"href":"https:\/\/noticel.com\/en\/wp-json\/wp\/v2\/posts\/120424\/revisions\/589222"}],"wp:featuredmedia":[{"embeddable":true,"href":"https:\/\/noticel.com\/en\/wp-json\/wp\/v2\/media\/589013"}],"wp:attachment":[{"href":"https:\/\/noticel.com\/en\/wp-json\/wp\/v2\/media?parent=120424"}],"wp:term":[{"taxonomy":"category","embeddable":true,"href":"https:\/\/noticel.com\/en\/wp-json\/wp\/v2\/categories?post=120424"},{"taxonomy":"post_tag","embeddable":true,"href":"https:\/\/noticel.com\/en\/wp-json\/wp\/v2\/tags?post=120424"}],"curies":[{"name":"wp","href":"https:\/\/api.w.org\/{rel}","templated":true}]}}