{"id":119917,"date":"2012-06-14T08:04:00","date_gmt":"2012-06-14T12:04:00","guid":{"rendered":"http:\/\/www.noticel.com\/la-calle\/20120614\/el-transito-de-la-manana-5\/"},"modified":"2025-07-15T04:18:26","modified_gmt":"2025-07-15T04:18:26","slug":"el-transito-de-la-manana-5","status":"publish","type":"post","link":"https:\/\/noticel.com\/en\/noticias\/la-calle\/20120614\/el-transito-de-la-manana-5\/","title":{"rendered":"El tr\u00e1nsito de la ma\u00f1ana"},"content":{"rendered":"<p>Contin\u00faa la investigaci\u00f3n de accidente leve en Avenida Fagot cerca de la Caribbean School en Ponce, en direcci\u00f3n al Norte?<\/p>\n<p>Bastante transito en Autopista Luis A Ferr\u00e9, \u00e1rea de Caguas Norte y Montehiedra, en direcci\u00f3n a San Juan\u2026<\/p>\n<p>Semi pesado en Autopista Luis A Ferr\u00e9, entre Juana D\u00edaz y Santa Isabel, en direcci\u00f3n a Salinas\u2026<\/p>\n<p>Semi pesado en varios tramos del Exp. Kennedy, en direcci\u00f3n a San Juan desde Bayam\u00f3n\u2026<\/p>\n<p>Bastante transito en Exp. Las Am\u00e9ricas, en direcci\u00f3n a San Juan\u2026<\/p>\n<p>Bastante transito en Ramal 8 y Ruta 66\u2026<\/p>\n<p>Bastante transito en Carr #199 entre Cupey y Guaynabo\u2026<\/p>\n<p>Semi pesado en tramos de la Carr #30 entre Gurabo y Caguas\u2026<\/p>\n<p>Sin novedad en Carr #1 desde Caguas a Rio Piedras\u2026 Bastante transito pero sin novedad en Carr #3 entre Rio Grande y Can\u00f3vanas\u2026<\/p>\n<p>Bastante transito en Carr #2, Carr #167, Carr #165 en Bayam\u00f3n\u2026<\/p>\n<p>Semi pesado en Exp. De Diego, en direcci\u00f3n desde Dorado a San Juan\u2026<\/p>\n<p>Bastante transito en Exp. Baldorioty De Castro, en direcci\u00f3n desde Carolina a San Juan\u2026<\/p>","protected":false},"excerpt":{"rendered":"<p>Contin\u00faa la investigaci\u00f3n de accidente leve en Avenida Fagot cerca de la Caribbean School en Ponce, en direcci\u00f3n al Norte? Bastante transito en Autopista Luis A Ferr\u00e9, \u00e1rea de Caguas Norte y Montehiedra, en direcci\u00f3n a San Juan\u2026 Semi pesado en Autopista Luis A Ferr\u00e9, entre Juana D\u00edaz y Santa Isabel, en direcci\u00f3n a Salinas\u2026 [&hellip;]<\/p>","protected":false},"author":0,"featured_media":304390,"comment_status":"closed","ping_status":"closed","sticky":false,"template":"","format":"standard","meta":{"_acf_changed":false,"_monsterinsights_skip_tracking":false,"ep_exclude_from_search":false,"footnotes":""},"categories":[12],"tags":[],"class_list":["post-119917","post","type-post","status-publish","format-standard","has-post-thumbnail","hentry","category-la-calle"],"acf":[],"aioseo_notices":[],"_links":{"self":[{"href":"https:\/\/noticel.com\/en\/wp-json\/wp\/v2\/posts\/119917","targetHints":{"allow":["GET"]}}],"collection":[{"href":"https:\/\/noticel.com\/en\/wp-json\/wp\/v2\/posts"}],"about":[{"href":"https:\/\/noticel.com\/en\/wp-json\/wp\/v2\/types\/post"}],"replies":[{"embeddable":true,"href":"https:\/\/noticel.com\/en\/wp-json\/wp\/v2\/comments?post=119917"}],"version-history":[{"count":1,"href":"https:\/\/noticel.com\/en\/wp-json\/wp\/v2\/posts\/119917\/revisions"}],"predecessor-version":[{"id":304392,"href":"https:\/\/noticel.com\/en\/wp-json\/wp\/v2\/posts\/119917\/revisions\/304392"}],"wp:featuredmedia":[{"embeddable":true,"href":"https:\/\/noticel.com\/en\/wp-json\/wp\/v2\/media\/304390"}],"wp:attachment":[{"href":"https:\/\/noticel.com\/en\/wp-json\/wp\/v2\/media?parent=119917"}],"wp:term":[{"taxonomy":"category","embeddable":true,"href":"https:\/\/noticel.com\/en\/wp-json\/wp\/v2\/categories?post=119917"},{"taxonomy":"post_tag","embeddable":true,"href":"https:\/\/noticel.com\/en\/wp-json\/wp\/v2\/tags?post=119917"}],"curies":[{"name":"wp","href":"https:\/\/api.w.org\/{rel}","templated":true}]}}