{"id":119664,"date":"2012-05-15T07:48:00","date_gmt":"2012-05-15T11:48:00","guid":{"rendered":"http:\/\/www.noticel.com\/vida\/20120515\/otro-premio-para-pamuk\/"},"modified":"2025-08-27T06:59:29","modified_gmt":"2025-08-27T06:59:29","slug":"otro-premio-para-pamuk","status":"publish","type":"post","link":"https:\/\/noticel.com\/en\/vida-y-bienestar\/20120515\/otro-premio-para-pamuk\/","title":{"rendered":"Otro premio para Pamuk"},"content":{"rendered":"<p>Estambul &#8211; El escritor turco Orhan Pamuk ha sido laureado con el premio Sonning, el mayor galard\u00f3n cultural de Dinamarca, ha informado a Efe hoy el gabinete de prensa del novelista.<\/p>\n<p>Pamuk, que ya tiene en su haber el premio Nobel, se convierte as\u00ed en el 34 receptor de este premio dan\u00e9s, que la Universidad de Copenhague otorga cada dos a\u00f1os y que est\u00e1 dotado con un mill\u00f3n de coronas danesas (aproximadamente 135.000 euros o 173.000 d\u00f3lares).<\/p>\n<p>Seg\u00fan la nota difundida por Grup7, el gabinete de prensa que gestiona las actividades culturales de Pamuk, el autor turco ha sido seleccionado por su labor literaria que sirve de puente entre las tradiciones orientales y occidentales.<\/p>\n<p>Una nota en la web oficial de la Universidad de Copenhague detalla que Pamuk &#8216;utiliza su obra literaria para hablar de la b\u00fasqueda de identidad propia de Turqu\u00eda y de c\u00f3mo se est\u00e1 convirtiendo en un pa\u00eds m\u00e1s orientado en Occidente&#8217;.<\/p><div class=\"notic-content-middle\" id=\"notic-4104824353\"><div class=\"notic-adlabel\">Advertisements<\/div><a data-no-instant=\"1\" href=\"https:\/\/www.cst.pr.gov\/\" rel=\"noopener\" class=\"a2t-link\" target=\"_blank\" aria-label=\"970&#215;90\"><img loading=\"lazy\" decoding=\"async\" src=\"https:\/\/cdn.noticel.com\/2026\/09\/02203812\/970x90.jpg\" alt=\"\"  srcset=\"https:\/\/cdn.noticel.com\/2026\/09\/02203812\/970x90.jpg 970w, https:\/\/cdn.noticel.com\/2026\/09\/02203812\/970x90-300x28.jpg 300w, https:\/\/cdn.noticel.com\/2026\/09\/02203812\/970x90-768x71.jpg 768w, https:\/\/cdn.noticel.com\/2026\/09\/02203812\/970x90-18x2.jpg 18w\" sizes=\"(max-width: 970px) 100vw, 970px\" width=\"970\" height=\"90\"   \/><\/a><\/div>\n<p>Tambi\u00e9n se\u00f1ala que Pamuk, siendo un &#8216;intelectual cr\u00edtico&#8217;, es considerado una &#8216;figura pol\u00e9mica&#8217; en Turqu\u00eda, pero que su ideario pol\u00edtico, expresado claramente en ensayos y entrevistas, s\u00f3lo se refleja de forma indirecta en sus novelas.<\/p>\n<p>La ceremonia de entrega del premio se celebrar\u00e1 el 26 de octubre en la Universidad de Copenhague.<\/p>\n<p>Entre los anteriores laureados con el premio Sonning G\u00fcnter Grass, Vaclav Havel, Ingmar Bergman, Dario Fo o Karl Popper, entre otros.<\/p>","protected":false},"excerpt":{"rendered":"<p>Estambul &#8211; El escritor turco Orhan Pamuk ha sido laureado con el premio Sonning, el mayor galard\u00f3n cultural de Dinamarca, ha informado a Efe hoy el gabinete de prensa del novelista. Pamuk, que ya tiene en su haber el premio Nobel, se convierte as\u00ed en el 34 receptor de este premio dan\u00e9s, que la Universidad [&hellip;]<\/p>","protected":false},"author":0,"featured_media":917211,"comment_status":"closed","ping_status":"closed","sticky":false,"template":"","format":"standard","meta":{"_acf_changed":false,"_monsterinsights_skip_tracking":false,"ep_exclude_from_search":false,"footnotes":""},"categories":[69],"tags":[],"class_list":["post-119664","post","type-post","status-publish","format-standard","has-post-thumbnail","hentry","category-vida-y-bienestar"],"acf":[],"aioseo_notices":[],"_links":{"self":[{"href":"https:\/\/noticel.com\/en\/wp-json\/wp\/v2\/posts\/119664","targetHints":{"allow":["GET"]}}],"collection":[{"href":"https:\/\/noticel.com\/en\/wp-json\/wp\/v2\/posts"}],"about":[{"href":"https:\/\/noticel.com\/en\/wp-json\/wp\/v2\/types\/post"}],"replies":[{"embeddable":true,"href":"https:\/\/noticel.com\/en\/wp-json\/wp\/v2\/comments?post=119664"}],"version-history":[{"count":1,"href":"https:\/\/noticel.com\/en\/wp-json\/wp\/v2\/posts\/119664\/revisions"}],"predecessor-version":[{"id":917226,"href":"https:\/\/noticel.com\/en\/wp-json\/wp\/v2\/posts\/119664\/revisions\/917226"}],"wp:featuredmedia":[{"embeddable":true,"href":"https:\/\/noticel.com\/en\/wp-json\/wp\/v2\/media\/917211"}],"wp:attachment":[{"href":"https:\/\/noticel.com\/en\/wp-json\/wp\/v2\/media?parent=119664"}],"wp:term":[{"taxonomy":"category","embeddable":true,"href":"https:\/\/noticel.com\/en\/wp-json\/wp\/v2\/categories?post=119664"},{"taxonomy":"post_tag","embeddable":true,"href":"https:\/\/noticel.com\/en\/wp-json\/wp\/v2\/tags?post=119664"}],"curies":[{"name":"wp","href":"https:\/\/api.w.org\/{rel}","templated":true}]}}