{"id":119527,"date":"2018-09-01T10:57:23","date_gmt":"2018-09-01T14:57:23","guid":{"rendered":"http:\/\/www.noticel.com\/el-tiempo\/huracanes\/20180901\/se-forma-la-tormenta-tropical-florence-en-el-atlantico\/"},"modified":"2025-07-26T18:31:25","modified_gmt":"2025-07-26T18:31:25","slug":"se-forma-la-tormenta-tropical-florence-en-el-atlantico","status":"publish","type":"post","link":"https:\/\/noticel.com\/en\/el-tiempo\/20180901\/se-forma-la-tormenta-tropical-florence-en-el-atlantico\/","title":{"rendered":"Se forma la tormenta tropical Florence en el Atl\u00e1ntico"},"content":{"rendered":"<p>Como s e hab\u00eda pronosticado, la tormenta tropical Florence acaba de formarse en aguas del Atl\u00e1ntico.<\/p>\n<p>S eg\u00fan public\u00f3 el Centro Nacional de Huracanes, la reci e n nombrada tormenta fue ubicada en la latitud 14.8 gra d os norte, longitud 27.8, oeste.<\/p><div class=\"notic-content-middle\" id=\"notic-1141754202\"><div class=\"notic-adlabel\">Advertisements<\/div><a data-no-instant=\"1\" href=\"https:\/\/www.asegurate-bien.com\/\" rel=\"noopener\" class=\"a2t-link\" target=\"_blank\" aria-label=\"Acodese-Adaptaciones-Noticel-728&#215;90\"><img loading=\"lazy\" decoding=\"async\" src=\"https:\/\/cdn.noticel.com\/2026\/07\/30095222\/Acodese-Adaptaciones-Noticel-728x90-1.jpg\" alt=\"\"  srcset=\"https:\/\/cdn.noticel.com\/2026\/07\/30095222\/Acodese-Adaptaciones-Noticel-728x90-1.jpg 728w, https:\/\/cdn.noticel.com\/2026\/07\/30095222\/Acodese-Adaptaciones-Noticel-728x90-1-300x37.jpg 300w, https:\/\/cdn.noticel.com\/2026\/07\/30095222\/Acodese-Adaptaciones-Noticel-728x90-1-18x2.jpg 18w\" sizes=\"(max-width: 728px) 100vw, 728px\" width=\"728\" height=\"90\"   \/><\/a><\/div>\n<p>El f en\u00f3meno tiene vientos sostenidos de 45 millas por hora (mph) y se mueve hacia el oeste-noroeste cerca de 14 mph.<\/p>\n<p>Se espera que el movimiento general contin\u00fae hasta el martes. Pr eviamente s e pronostica que Florenc e continuar\u00e1 moviendose hacia la apertura Atl\u00e1ntico oriental.<\/p>","protected":false},"excerpt":{"rendered":"<p>Como s e hab\u00eda pronosticado, la tormenta tropical Florence acaba de formarse en aguas del Atl\u00e1ntico. S eg\u00fan public\u00f3 el Centro Nacional de Huracanes, la reci e n nombrada tormenta fue ubicada en la latitud 14.8 gra d os norte, longitud 27.8, oeste. El f en\u00f3meno tiene vientos sostenidos de 45 millas por hora (mph) [&hellip;]<\/p>","protected":false},"author":0,"featured_media":584727,"comment_status":"closed","ping_status":"closed","sticky":false,"template":"","format":"standard","meta":{"_acf_changed":false,"_monsterinsights_skip_tracking":false,"ep_exclude_from_search":false,"footnotes":""},"categories":[18,19],"tags":[],"class_list":["post-119527","post","type-post","status-publish","format-standard","has-post-thumbnail","hentry","category-el-tiempo","category-huracanes"],"acf":[],"aioseo_notices":[],"_links":{"self":[{"href":"https:\/\/noticel.com\/en\/wp-json\/wp\/v2\/posts\/119527","targetHints":{"allow":["GET"]}}],"collection":[{"href":"https:\/\/noticel.com\/en\/wp-json\/wp\/v2\/posts"}],"about":[{"href":"https:\/\/noticel.com\/en\/wp-json\/wp\/v2\/types\/post"}],"replies":[{"embeddable":true,"href":"https:\/\/noticel.com\/en\/wp-json\/wp\/v2\/comments?post=119527"}],"version-history":[{"count":1,"href":"https:\/\/noticel.com\/en\/wp-json\/wp\/v2\/posts\/119527\/revisions"}],"predecessor-version":[{"id":584749,"href":"https:\/\/noticel.com\/en\/wp-json\/wp\/v2\/posts\/119527\/revisions\/584749"}],"wp:featuredmedia":[{"embeddable":true,"href":"https:\/\/noticel.com\/en\/wp-json\/wp\/v2\/media\/584727"}],"wp:attachment":[{"href":"https:\/\/noticel.com\/en\/wp-json\/wp\/v2\/media?parent=119527"}],"wp:term":[{"taxonomy":"category","embeddable":true,"href":"https:\/\/noticel.com\/en\/wp-json\/wp\/v2\/categories?post=119527"},{"taxonomy":"post_tag","embeddable":true,"href":"https:\/\/noticel.com\/en\/wp-json\/wp\/v2\/tags?post=119527"}],"curies":[{"name":"wp","href":"https:\/\/api.w.org\/{rel}","templated":true}]}}