{"id":118845,"date":"2012-07-23T11:25:00","date_gmt":"2012-07-23T15:25:00","guid":{"rendered":"http:\/\/www.noticel.com\/la-calle\/20120723\/arrestan-agresor-con-machete-en-barranquitas\/"},"modified":"2025-08-26T06:31:52","modified_gmt":"2025-08-26T06:31:52","slug":"arrestan-agresor-con-machete-en-barranquitas","status":"publish","type":"post","link":"https:\/\/noticel.com\/en\/noticias\/la-calle\/20120723\/arrestan-agresor-con-machete-en-barranquitas\/","title":{"rendered":"Arrestan agresor con machete en Barranquitas"},"content":{"rendered":"<p>Un sujeto fue detenido y llevado a al Cuartel de Barranquitas por agredir con un machete a otro sujeto, inform\u00f3 la Polic\u00eda. Seg\u00fan el informe policiaco, un individuo de 58 a\u00f1os, agredi\u00f3 con un machete a Adalberto Rodr\u00edguez Rosado de, 52 a\u00f1os, ocasion\u00e1ndole una herida abierta en el lado izquierdo de cuello.<\/p>\n<p>El incidente ocurri\u00f3 cerca de la 1:28 de la tarde del domingo, en la carretera PR-772, kil\u00f3metro 5.5, del Barrio Ca\u00f1abon, en Barranquitas.<\/p><div class=\"notic-content-middle\" id=\"notic-1340266814\"><div class=\"notic-adlabel\">Advertisements<\/div><a data-no-instant=\"1\" href=\"https:\/\/qrco.de\/bgxd5v\" rel=\"noopener\" class=\"a2t-link\" target=\"_blank\" aria-label=\"DisplayAd-970&#215;903\"><img loading=\"lazy\" decoding=\"async\" src=\"https:\/\/cdn.noticel.com\/2026\/09\/02200307\/DisplayAd-970x903-1.jpg\" alt=\"\"  srcset=\"https:\/\/cdn.noticel.com\/2026\/09\/02200307\/DisplayAd-970x903-1.jpg 970w, https:\/\/cdn.noticel.com\/2026\/09\/02200307\/DisplayAd-970x903-1-300x28.jpg 300w, https:\/\/cdn.noticel.com\/2026\/09\/02200307\/DisplayAd-970x903-1-768x71.jpg 768w, https:\/\/cdn.noticel.com\/2026\/09\/02200307\/DisplayAd-970x903-1-18x2.jpg 18w\" sizes=\"(max-width: 970px) 100vw, 970px\" width=\"970\" height=\"90\"   \/><\/a><\/div>\n<p>El perjudicado no recibi\u00f3 atenci\u00f3n m\u00e9dica y su condici\u00f3n es estable.<\/p>","protected":false},"excerpt":{"rendered":"<p>Un sujeto fue detenido y llevado a al Cuartel de Barranquitas por agredir con un machete a otro sujeto, inform\u00f3 la Polic\u00eda. Seg\u00fan el informe policiaco, un individuo de 58 a\u00f1os, agredi\u00f3 con un machete a Adalberto Rodr\u00edguez Rosado de, 52 a\u00f1os, ocasion\u00e1ndole una herida abierta en el lado izquierdo de cuello. El incidente ocurri\u00f3 [&hellip;]<\/p>","protected":false},"author":0,"featured_media":914269,"comment_status":"closed","ping_status":"closed","sticky":false,"template":"","format":"standard","meta":{"_acf_changed":false,"_monsterinsights_skip_tracking":false,"ep_exclude_from_search":false,"footnotes":""},"categories":[12],"tags":[],"class_list":["post-118845","post","type-post","status-publish","format-standard","has-post-thumbnail","hentry","category-la-calle"],"acf":[],"aioseo_notices":[],"_links":{"self":[{"href":"https:\/\/noticel.com\/en\/wp-json\/wp\/v2\/posts\/118845","targetHints":{"allow":["GET"]}}],"collection":[{"href":"https:\/\/noticel.com\/en\/wp-json\/wp\/v2\/posts"}],"about":[{"href":"https:\/\/noticel.com\/en\/wp-json\/wp\/v2\/types\/post"}],"replies":[{"embeddable":true,"href":"https:\/\/noticel.com\/en\/wp-json\/wp\/v2\/comments?post=118845"}],"version-history":[{"count":1,"href":"https:\/\/noticel.com\/en\/wp-json\/wp\/v2\/posts\/118845\/revisions"}],"predecessor-version":[{"id":914284,"href":"https:\/\/noticel.com\/en\/wp-json\/wp\/v2\/posts\/118845\/revisions\/914284"}],"wp:featuredmedia":[{"embeddable":true,"href":"https:\/\/noticel.com\/en\/wp-json\/wp\/v2\/media\/914269"}],"wp:attachment":[{"href":"https:\/\/noticel.com\/en\/wp-json\/wp\/v2\/media?parent=118845"}],"wp:term":[{"taxonomy":"category","embeddable":true,"href":"https:\/\/noticel.com\/en\/wp-json\/wp\/v2\/categories?post=118845"},{"taxonomy":"post_tag","embeddable":true,"href":"https:\/\/noticel.com\/en\/wp-json\/wp\/v2\/tags?post=118845"}],"curies":[{"name":"wp","href":"https:\/\/api.w.org\/{rel}","templated":true}]}}