{"id":118479,"date":"2014-06-26T12:59:22","date_gmt":"2014-06-26T16:59:22","guid":{"rendered":"http:\/\/www.noticel.com\/ahora\/20140626\/van-llegando-los-ricos-de-paulson-al-refugio-contributivo\/"},"modified":"2025-08-19T10:31:11","modified_gmt":"2025-08-19T10:31:11","slug":"van-llegando-los-ricos-de-paulson-al-refugio-contributivo","status":"publish","type":"post","link":"https:\/\/noticel.com\/en\/ultima-hora\/20140626\/van-llegando-los-ricos-de-paulson-al-refugio-contributivo\/","title":{"rendered":"Van llegando los ricos de Paulson al refugio contributivo"},"content":{"rendered":"<p>La ley de la Administraci\u00f3n Fortu\u00f1o que incentiva la mudanza de individuos acaudalados a Puerto Rico ha producido la mudanza de varias de estas personas con ciudadan\u00eda estadounidense, buscando un refugio de los impuestos que tienen que pagar en Estados Unidos.<\/p>\n<p>Seg\u00fan rese\u00f1a hoy la p\u00e1gina web de <a href=\"http:\/\/www.bloomberg.com\/news\/2014-06-26\/paulson-s-puerto-rico-paradise-lures-rich-fleeing-taxes.html\">Bloomberg<\/a>, el secretario de Desarrollo Econ\u00f3mico, Alberto Bac\u00f3, destac\u00f3 que al menos unos 200 comerciantes y empresarios se mudaron o han hecho el compromiso de mudarse a la isla. El multimillonario John Paulson se ha convertido en el portavoz de esta iniciativa.<\/p>\n<p>No obstante, como rese\u00f1\u00f3 NotiCel el a\u00f1o pasado, \u00e9ste \u00faltimo no estar\u00e1 viviendo en Puerto Rico. Varios medios de Estados Unidos rese\u00f1aron que la empresa del mogul asegur\u00f3 que aunque ha considerado inversiones de bienes ra\u00edces e incluso ha vacacionado en la Isla, Paulson &#8216;no tiene planes para establecer una residencia permanente all\u00ed&#8217;. La noticia surgi\u00f3 luego de informaciones que destacaban que Paulson buscaba un refugio contributivo en el pa\u00eds. En el m\u00e1s reciente art\u00edculo de Bloomberg se subray\u00f3 que la raz\u00f3n por la que decidi\u00f3 no mudrase fue por la excesiva atenci\u00f3n medi\u00e1tica, pero que fue precisamente esta atenci\u00f3n la que logr\u00f3 que otros individuos en busca de ese para\u00edso tributario se enteraran que Puerto Rico los quer\u00eda.<\/p>\n<p>Entre los ejemplos que destaca la historia se encuentran Peter Schiff, un republicano exasesor de Ron Paul y excandidato al Senado federal. Este admiti\u00f3 tener miedo de que en Estados Unidos sigan aumentando los impuestos, adem\u00e1s de una creciente ret\u00f3rica contra los ricos.<\/p>\n<p>Adem\u00e1s de los ahorros contributivos, estos ricos est\u00e1n atra\u00eddos por lo &#8216;barato&#8217;, al menos cuando lo comparas con los precios en Nueva York.<\/p><div class=\"notic-content-middle\" id=\"notic-3282096734\"><div class=\"notic-adlabel\">Advertisements<\/div><a data-no-instant=\"1\" href=\"https:\/\/www.asegurate-bien.com\/\" rel=\"noopener\" class=\"a2t-link\" target=\"_blank\" aria-label=\"Acodese-Adaptaciones-Noticel-970&#215;250\"><img loading=\"lazy\" decoding=\"async\" src=\"https:\/\/cdn.noticel.com\/2026\/05\/30100504\/Acodese-Adaptaciones-Noticel-970x250-1.jpg\" alt=\"\"  srcset=\"https:\/\/cdn.noticel.com\/2026\/05\/30100504\/Acodese-Adaptaciones-Noticel-970x250-1.jpg 970w, https:\/\/cdn.noticel.com\/2026\/05\/30100504\/Acodese-Adaptaciones-Noticel-970x250-1-300x77.jpg 300w, https:\/\/cdn.noticel.com\/2026\/05\/30100504\/Acodese-Adaptaciones-Noticel-970x250-1-768x198.jpg 768w, https:\/\/cdn.noticel.com\/2026\/05\/30100504\/Acodese-Adaptaciones-Noticel-970x250-1-18x5.jpg 18w\" sizes=\"(max-width: 970px) 100vw, 970px\" width=\"970\" height=\"250\"   \/><\/a><\/div>\n<p>Un &#8216;penthouse&#8217; con vista al mar puede costar $1.99 millones, mientras que un d\u00faplex en el distrito financiero, con cuatro habitaciones y dos terrazas, puede costar $900,000.<\/p>\n<p>Una realtor de origen puertorrique\u00f1o, Margaret Pe\u00f1a Juvelier, se mud\u00f3 a la isla en el 2012 y, adem\u00e1s de presentar los pontenciales de vivienda, busca apaciguar dudas que puedan tener los clientes al ense\u00f1arles la ciudad y presentarle a puertorrique\u00f1os locales.<\/p>\n<p>El gobierno tambi\u00e9n hizo lo propio y durante una conferencia vendi\u00f3 a la isla como un para\u00edso, no solo fiscal, sino tambi\u00e9n por su belleza natural y las comodidades educativas, art\u00edsticas y tur\u00edsticas que se pueden disfrutar, claro est\u00e1, si se tiene dinero.<\/p>\n<p>Sin embargo, no todo es de una pintura tan pr\u00edstina. El art\u00edculo menciona la nota que public\u00f3 recientemente el Centro de Periodismo Investigativo sobre la cantidad de Walmarts y Walgreens que hay en la isla. Uno de estos inversionistas habl\u00f3 sobre las ineficiencias que tiene Puerto Rico.<\/p>","protected":false},"excerpt":{"rendered":"<p>La ley de la Administraci\u00f3n Fortu\u00f1o que incentiva la mudanza de individuos acaudalados a Puerto Rico ha producido la mudanza de varias de estas personas con ciudadan\u00eda estadounidense, buscando un refugio de los impuestos que tienen que pagar en Estados Unidos. Seg\u00fan rese\u00f1a hoy la p\u00e1gina web de Bloomberg, el secretario de Desarrollo Econ\u00f3mico, Alberto [&hellip;]<\/p>","protected":false},"author":0,"featured_media":872293,"comment_status":"closed","ping_status":"closed","sticky":false,"template":"","format":"standard","meta":{"_acf_changed":false,"_monsterinsights_skip_tracking":false,"ep_exclude_from_search":false,"footnotes":""},"categories":[2],"tags":[],"class_list":["post-118479","post","type-post","status-publish","format-standard","has-post-thumbnail","hentry","category-ultima-hora"],"acf":[],"aioseo_notices":[],"_links":{"self":[{"href":"https:\/\/noticel.com\/en\/wp-json\/wp\/v2\/posts\/118479","targetHints":{"allow":["GET"]}}],"collection":[{"href":"https:\/\/noticel.com\/en\/wp-json\/wp\/v2\/posts"}],"about":[{"href":"https:\/\/noticel.com\/en\/wp-json\/wp\/v2\/types\/post"}],"replies":[{"embeddable":true,"href":"https:\/\/noticel.com\/en\/wp-json\/wp\/v2\/comments?post=118479"}],"version-history":[{"count":1,"href":"https:\/\/noticel.com\/en\/wp-json\/wp\/v2\/posts\/118479\/revisions"}],"predecessor-version":[{"id":872314,"href":"https:\/\/noticel.com\/en\/wp-json\/wp\/v2\/posts\/118479\/revisions\/872314"}],"wp:featuredmedia":[{"embeddable":true,"href":"https:\/\/noticel.com\/en\/wp-json\/wp\/v2\/media\/872293"}],"wp:attachment":[{"href":"https:\/\/noticel.com\/en\/wp-json\/wp\/v2\/media?parent=118479"}],"wp:term":[{"taxonomy":"category","embeddable":true,"href":"https:\/\/noticel.com\/en\/wp-json\/wp\/v2\/categories?post=118479"},{"taxonomy":"post_tag","embeddable":true,"href":"https:\/\/noticel.com\/en\/wp-json\/wp\/v2\/tags?post=118479"}],"curies":[{"name":"wp","href":"https:\/\/api.w.org\/{rel}","templated":true}]}}