{"id":118403,"date":"2013-12-04T22:10:24","date_gmt":"2013-12-05T02:10:24","guid":{"rendered":"http:\/\/www.noticel.com\/ahora\/20131204\/panamenos-interesados-en-el-puerto-las-americas\/"},"modified":"2025-07-18T09:23:55","modified_gmt":"2025-07-18T09:23:55","slug":"panamenos-interesados-en-el-puerto-las-americas","status":"publish","type":"post","link":"https:\/\/noticel.com\/en\/ultima-hora\/20131204\/panamenos-interesados-en-el-puerto-las-americas\/","title":{"rendered":"Paname\u00f1os interesados en el Puerto Las Am\u00e9ricas"},"content":{"rendered":"<p>Esta vez es un conglomerado paname\u00f1o. Fuentes de La Perla del Sur confirmaron esta semana que un nuevo colectivo de inversionistas extranjeros se reuni\u00f3 en La Fortaleza para formalizar su interes por el Puerto de Las Americas (PLA) Rafael Cordero Santiago.<\/p>\n<p>El encuentro, efectuado durante la pen\u00faltima semana de noviembre en el Palacio de Santa Catalina, cont\u00f3 con la participaci\u00f3n del secretario de Desarrollo Econ\u00f3mico, Alberto Bac\u00f3 Baqu\u00e9, y Antonio Garc\u00eda Padilla, hermano y asesor del gobernador Alejandro Garc\u00eda Padilla.<\/p><div class=\"notic-content-middle\" id=\"notic-293786760\"><div class=\"notic-adlabel\">Advertisements<\/div><a data-no-instant=\"1\" href=\"https:\/\/qrco.de\/bgxd5v\" rel=\"noopener\" class=\"a2t-link\" target=\"_blank\" aria-label=\"DisplayAd-728&#215;902\"><img loading=\"lazy\" decoding=\"async\" src=\"https:\/\/cdn.noticel.com\/2026\/09\/02195411\/DisplayAd-728x902-1.jpg\" alt=\"\"  srcset=\"https:\/\/cdn.noticel.com\/2026\/09\/02195411\/DisplayAd-728x902-1.jpg 728w, https:\/\/cdn.noticel.com\/2026\/09\/02195411\/DisplayAd-728x902-1-300x37.jpg 300w, https:\/\/cdn.noticel.com\/2026\/09\/02195411\/DisplayAd-728x902-1-18x2.jpg 18w\" sizes=\"(max-width: 728px) 100vw, 728px\" width=\"728\" height=\"90\"   \/><\/a><\/div>\n<p>Entre los emisarios invitados con inter\u00e9s en el proyecto figuraron el vicepresidente de Investigaci\u00f3n y An\u00e1lisis de Mercado de la Autoridad del Canal de Panam\u00e1 (ACP), Roberto Sabonge, y el principal ejecutivo de Panama Maritime Advisors (PMA), Carlos Ernesto Gonz\u00e1lez de La Lastra.<\/p>\n<p>Para la historia completa vea <a href=\"http:\/\/www.periodicolaperla.com\/index.php?option=com_content&amp;view=articleid=5663:con-inversionistas-panamenos-entra-a-escena-otro-postorinteresado-en-el-puerto-de-las-americascatid=81:locales&gt;&lt;&gt;&lt;&gt;Itemid=198\" peri=\"\" la=\"\" perla=\"\"\/><\/p>","protected":false},"excerpt":{"rendered":"<p>Esta vez es un conglomerado paname\u00f1o. Fuentes de La Perla del Sur confirmaron esta semana que un nuevo colectivo de inversionistas extranjeros se reuni\u00f3 en La Fortaleza para formalizar su interes por el Puerto de Las Americas (PLA) Rafael Cordero Santiago. El encuentro, efectuado durante la pen\u00faltima semana de noviembre en el Palacio de Santa [&hellip;]<\/p>","protected":false},"author":0,"featured_media":507087,"comment_status":"closed","ping_status":"closed","sticky":false,"template":"","format":"standard","meta":{"_acf_changed":false,"_monsterinsights_skip_tracking":false,"ep_exclude_from_search":false,"footnotes":""},"categories":[2],"tags":[],"class_list":["post-118403","post","type-post","status-publish","format-standard","has-post-thumbnail","hentry","category-ultima-hora"],"acf":[],"aioseo_notices":[],"_links":{"self":[{"href":"https:\/\/noticel.com\/en\/wp-json\/wp\/v2\/posts\/118403","targetHints":{"allow":["GET"]}}],"collection":[{"href":"https:\/\/noticel.com\/en\/wp-json\/wp\/v2\/posts"}],"about":[{"href":"https:\/\/noticel.com\/en\/wp-json\/wp\/v2\/types\/post"}],"replies":[{"embeddable":true,"href":"https:\/\/noticel.com\/en\/wp-json\/wp\/v2\/comments?post=118403"}],"version-history":[{"count":1,"href":"https:\/\/noticel.com\/en\/wp-json\/wp\/v2\/posts\/118403\/revisions"}],"predecessor-version":[{"id":507093,"href":"https:\/\/noticel.com\/en\/wp-json\/wp\/v2\/posts\/118403\/revisions\/507093"}],"wp:featuredmedia":[{"embeddable":true,"href":"https:\/\/noticel.com\/en\/wp-json\/wp\/v2\/media\/507087"}],"wp:attachment":[{"href":"https:\/\/noticel.com\/en\/wp-json\/wp\/v2\/media?parent=118403"}],"wp:term":[{"taxonomy":"category","embeddable":true,"href":"https:\/\/noticel.com\/en\/wp-json\/wp\/v2\/categories?post=118403"},{"taxonomy":"post_tag","embeddable":true,"href":"https:\/\/noticel.com\/en\/wp-json\/wp\/v2\/tags?post=118403"}],"curies":[{"name":"wp","href":"https:\/\/api.w.org\/{rel}","templated":true}]}}