{"id":116617,"date":"2012-09-07T19:03:14","date_gmt":"2012-09-07T23:03:14","guid":{"rendered":"http:\/\/www.noticel.com\/ahora\/20120907\/reportan-a-joven-desaparecido-desde-el-miercoles\/"},"modified":"2025-08-25T14:26:40","modified_gmt":"2025-08-25T14:26:40","slug":"reportan-a-joven-desaparecido-desde-el-miercoles","status":"publish","type":"post","link":"https:\/\/noticel.com\/en\/ultima-hora\/20120907\/reportan-a-joven-desaparecido-desde-el-miercoles\/","title":{"rendered":"Reportan a joven desaparecido desde el mi\u00e9rcoles"},"content":{"rendered":"<p>Fuentes de NotiCel informaron que el joven Jaime Andres Vargas Betancourt de 21 a\u00f1os de edad se encuentra desaparecido desde el miercoles el 5 de septiembre.<\/p>\n<p>Seg\u00fan se indic\u00f3, vest\u00eda camisa verde y pantal\u00f3n largo negro.<\/p>\n<p>Se inform\u00f3 a este diario digital que Vargas Betancourtsali\u00f3 a las 4:30pm de su trabajo en San Patricio y al d\u00eda de hoy no se sabe de su paradero<\/p><div class=\"notic-content-middle\" id=\"notic-52496366\"><div class=\"notic-adlabel\">Advertisements<\/div><a data-no-instant=\"1\" href=\"https:\/\/qrco.de\/bgxd5v\" rel=\"noopener\" class=\"a2t-link\" target=\"_blank\" aria-label=\"DisplayAds-300&#215;250\"><img loading=\"lazy\" decoding=\"async\" src=\"https:\/\/cdn.noticel.com\/2026\/08\/11175704\/DisplayAds-300x250-1.jpg\" alt=\"\"  srcset=\"https:\/\/cdn.noticel.com\/2026\/08\/11175704\/DisplayAds-300x250-1.jpg 300w, https:\/\/cdn.noticel.com\/2026\/08\/11175704\/DisplayAds-300x250-1-14x12.jpg 14w\" sizes=\"(max-width: 300px) 100vw, 300px\" width=\"300\" height=\"250\"   \/><\/a><\/div>\n<p>Viajaba en un Kia Spectra del 2002 color gris, tablilla GBK392, el cua; no ha podido ser encontrado.<\/p>\n<p>Sus familiares exhortaron a que si alguien sabe algo, que por favor se comuniquen con las agentes Vi\u00f1a o Feliciano al 787-793-1234 ext. 2152, en Guaynabo.<\/p>","protected":false},"excerpt":{"rendered":"<p>Fuentes de NotiCel informaron que el joven Jaime Andres Vargas Betancourt de 21 a\u00f1os de edad se encuentra desaparecido desde el miercoles el 5 de septiembre. Seg\u00fan se indic\u00f3, vest\u00eda camisa verde y pantal\u00f3n largo negro. Se inform\u00f3 a este diario digital que Vargas Betancourtsali\u00f3 a las 4:30pm de su trabajo en San Patricio y [&hellip;]<\/p>","protected":false},"author":0,"featured_media":912106,"comment_status":"closed","ping_status":"closed","sticky":false,"template":"","format":"standard","meta":{"_acf_changed":false,"_monsterinsights_skip_tracking":false,"ep_exclude_from_search":false,"footnotes":""},"categories":[2],"tags":[],"class_list":["post-116617","post","type-post","status-publish","format-standard","has-post-thumbnail","hentry","category-ultima-hora"],"acf":[],"aioseo_notices":[],"_links":{"self":[{"href":"https:\/\/noticel.com\/en\/wp-json\/wp\/v2\/posts\/116617","targetHints":{"allow":["GET"]}}],"collection":[{"href":"https:\/\/noticel.com\/en\/wp-json\/wp\/v2\/posts"}],"about":[{"href":"https:\/\/noticel.com\/en\/wp-json\/wp\/v2\/types\/post"}],"replies":[{"embeddable":true,"href":"https:\/\/noticel.com\/en\/wp-json\/wp\/v2\/comments?post=116617"}],"version-history":[{"count":1,"href":"https:\/\/noticel.com\/en\/wp-json\/wp\/v2\/posts\/116617\/revisions"}],"predecessor-version":[{"id":912133,"href":"https:\/\/noticel.com\/en\/wp-json\/wp\/v2\/posts\/116617\/revisions\/912133"}],"wp:featuredmedia":[{"embeddable":true,"href":"https:\/\/noticel.com\/en\/wp-json\/wp\/v2\/media\/912106"}],"wp:attachment":[{"href":"https:\/\/noticel.com\/en\/wp-json\/wp\/v2\/media?parent=116617"}],"wp:term":[{"taxonomy":"category","embeddable":true,"href":"https:\/\/noticel.com\/en\/wp-json\/wp\/v2\/categories?post=116617"},{"taxonomy":"post_tag","embeddable":true,"href":"https:\/\/noticel.com\/en\/wp-json\/wp\/v2\/tags?post=116617"}],"curies":[{"name":"wp","href":"https:\/\/api.w.org\/{rel}","templated":true}]}}