{"id":116437,"date":"2016-08-17T19:13:00","date_gmt":"2016-08-17T23:13:00","guid":{"rendered":"http:\/\/www.noticel.com\/ahora\/20160817\/manaties-regresan-a-centro-de-conservacion-tras-incendio-de-ferry\/"},"modified":"2025-07-18T19:39:18","modified_gmt":"2025-07-18T19:39:18","slug":"manaties-regresan-a-centro-de-conservacion-tras-incendio-de-ferry","status":"publish","type":"post","link":"https:\/\/noticel.com\/en\/ultima-hora\/20160817\/manaties-regresan-a-centro-de-conservacion-tras-incendio-de-ferry\/","title":{"rendered":"Manat\u00edes regresan a Centro de Conservaci\u00f3n tras incendio de ferry"},"content":{"rendered":"<p>El secretario del Departamento de Recursos Naturales y Ambientales (DRNA), Nelson J. Santiago Marrero, y el director del Centro de Conservaci\u00f3n de Manat\u00edes, Antonio Mignucci, informaron que, ante la posibilidad de que ocurra un derrame de diesel en el barco crucero American Cruise Ferries que se incendi\u00f3, como medida de precauci\u00f3n, los manat\u00edes Araman\u00e1 y Yuisa tuvieron que ser removidos de la playa Punta Salinas donde se adaptaban a la vida libre en el mar.<\/p>\n<p>La decisi\u00f3n fue tomada en coordinaci\u00f3n con el Servicio federal de Pesca y Vida Silvestre (FWS, por sus siglas en ingl\u00e9s) como medida cautelar, ya que de acuerdo a la informaci\u00f3n suministrada por la Guardia Costera, el <a href=\"https:\/\/noticel.com\/en\/noticia\/193885\/desalojan-por-incendio-embarcacion-america-cruise-ferries-video.html\/\" target=\"_blank\">fuego<\/a> en el crucero no hab\u00eda podido ser extinguido en su totalidad en la tarde.<\/p>\n<p>&#8216;Uno de los posibles escenarios discutidos es que a causa del incendio, se rompa el casco de la nave y se produzca un derrame de combustible. Esto pondr\u00eda en peligro a los manat\u00edes, ya que el aceite podr\u00eda estar llegando hasta la playa de Punta Salinas r\u00e1pidamente mientras que poner a salvo a estos mam\u00edferos marinos que sobrepasan las 500 libras, es una operaci\u00f3n que conlleva horas&#8217;, expres\u00f3 Santiago Marrero.<\/p>\n<p>Los manat\u00edes fueron trasladados en camiones al Centro de Conservaci\u00f3n de Manat\u00edes de Puerto Rico, en la Universidad Interamericana en Bayam\u00f3n, donde estar\u00e1n hasta que se disipe la amenaza del derrame.<\/p><div class=\"notic-content-middle\" id=\"notic-1655622798\"><div class=\"notic-adlabel\">Advertisements<\/div><a data-no-instant=\"1\" href=\"https:\/\/www.asegurate-bien.com\/\" rel=\"noopener\" class=\"a2t-link\" target=\"_blank\" aria-label=\"Acodese-Adaptaciones-Noticel-728&#215;90\"><img loading=\"lazy\" decoding=\"async\" src=\"https:\/\/cdn.noticel.com\/2026\/07\/30095222\/Acodese-Adaptaciones-Noticel-728x90-1.jpg\" alt=\"\"  srcset=\"https:\/\/cdn.noticel.com\/2026\/07\/30095222\/Acodese-Adaptaciones-Noticel-728x90-1.jpg 728w, https:\/\/cdn.noticel.com\/2026\/07\/30095222\/Acodese-Adaptaciones-Noticel-728x90-1-300x37.jpg 300w, https:\/\/cdn.noticel.com\/2026\/07\/30095222\/Acodese-Adaptaciones-Noticel-728x90-1-18x2.jpg 18w\" sizes=\"(max-width: 728px) 100vw, 728px\" width=\"728\" height=\"90\"   \/><\/a><\/div>\n<p>Los manat\u00edes Yuisa y Araman\u00e1 fueron devueltos al mar el pasado 13 de julio, luego de haber sido rescatados y haber pasado por un proceso de rehabilitaci\u00f3n, en el que Yuisa estuvo tres a\u00f1os y Araman\u00e1, cinco a\u00f1os.<\/p>\n<p>El funcionario se\u00f1al\u00f3 que personal especializado del DRNA est\u00e1 identificando \u00e1reas cr\u00edticas en la zona, para que en caso de un incidente como el que podr\u00eda ocurrir, la Guardia Costera las atienda como una de sus prioridades.<\/p>\n<p>&#8216;En esa \u00e1rea las tortugas marinas han estado activas y nos preocupa que tenemos 35 nidos de tinglares, que al igual que los manat\u00edes son especies en peligro de extinci\u00f3n. Tambi\u00e9n estamos atentos a la poblaci\u00f3n de manat\u00edes libres que visita el \u00e1rea. Tenemos el compromiso de la Guardia Costera de mantenernos informados, ya que cualquier actividad que se lleve a cabo podr\u00eda estar afectando un h\u00e1bitat cr\u00edtico&#8217;, declar\u00f3 Santiago Marrero.<\/p>","protected":false},"excerpt":{"rendered":"<p>El secretario del Departamento de Recursos Naturales y Ambientales (DRNA), Nelson J. Santiago Marrero, y el director del Centro de Conservaci\u00f3n de Manat\u00edes, Antonio Mignucci, informaron que, ante la posibilidad de que ocurra un derrame de diesel en el barco crucero American Cruise Ferries que se incendi\u00f3, como medida de precauci\u00f3n, los manat\u00edes Araman\u00e1 y [&hellip;]<\/p>","protected":false},"author":0,"featured_media":520048,"comment_status":"closed","ping_status":"closed","sticky":false,"template":"","format":"standard","meta":{"_acf_changed":false,"_monsterinsights_skip_tracking":false,"ep_exclude_from_search":false,"footnotes":""},"categories":[2],"tags":[],"class_list":["post-116437","post","type-post","status-publish","format-standard","has-post-thumbnail","hentry","category-ultima-hora"],"acf":[],"aioseo_notices":[],"_links":{"self":[{"href":"https:\/\/noticel.com\/en\/wp-json\/wp\/v2\/posts\/116437","targetHints":{"allow":["GET"]}}],"collection":[{"href":"https:\/\/noticel.com\/en\/wp-json\/wp\/v2\/posts"}],"about":[{"href":"https:\/\/noticel.com\/en\/wp-json\/wp\/v2\/types\/post"}],"replies":[{"embeddable":true,"href":"https:\/\/noticel.com\/en\/wp-json\/wp\/v2\/comments?post=116437"}],"version-history":[{"count":1,"href":"https:\/\/noticel.com\/en\/wp-json\/wp\/v2\/posts\/116437\/revisions"}],"predecessor-version":[{"id":520049,"href":"https:\/\/noticel.com\/en\/wp-json\/wp\/v2\/posts\/116437\/revisions\/520049"}],"wp:featuredmedia":[{"embeddable":true,"href":"https:\/\/noticel.com\/en\/wp-json\/wp\/v2\/media\/520048"}],"wp:attachment":[{"href":"https:\/\/noticel.com\/en\/wp-json\/wp\/v2\/media?parent=116437"}],"wp:term":[{"taxonomy":"category","embeddable":true,"href":"https:\/\/noticel.com\/en\/wp-json\/wp\/v2\/categories?post=116437"},{"taxonomy":"post_tag","embeddable":true,"href":"https:\/\/noticel.com\/en\/wp-json\/wp\/v2\/tags?post=116437"}],"curies":[{"name":"wp","href":"https:\/\/api.w.org\/{rel}","templated":true}]}}