{"id":116008,"date":"2015-06-08T09:09:45","date_gmt":"2015-06-08T13:09:45","guid":{"rendered":"http:\/\/www.noticel.com\/ahora\/20150608\/escuelas-privadas-solicitan-al-daco-aclarar-multas-a-colegios\/"},"modified":"2025-07-30T02:22:07","modified_gmt":"2025-07-30T02:22:07","slug":"escuelas-privadas-solicitan-al-daco-aclarar-multas-a-colegios","status":"publish","type":"post","link":"https:\/\/noticel.com\/en\/ultima-hora\/20150608\/escuelas-privadas-solicitan-al-daco-aclarar-multas-a-colegios\/","title":{"rendered":"Escuelas privadas solicitan al DACO aclarar multas a colegios"},"content":{"rendered":"<p>La Asociaci\u00f3n de Educaci\u00f3n Privada de Puerto Rico (AEP) solicit\u00f3 al Secretario del Departamento de Asuntos del Consumidor (DACO), Nery Adames, que aclare sus expresiones p\u00fablicas sobre multas a colegios privados por supuestamente no cumplir con la reglamentaci\u00f3n de esa agencia que obliga a publicar la lista de libros asignados a los estudiantes de esas instituciones para el nuevo a\u00f1o escolar que comienza en agosto premio.<\/p>\n<p>El Secretario del DACO anunci\u00f3 la semana pasada que esa agencia hab\u00eda multado a 66 colegios por violaci\u00f3n al Reglamento que les obliga publicar su listado de libros de texto que utilizar\u00e1 en el pr\u00f3ximo a\u00f1o escolar, no m\u00e1s tarde del 15 de mayo del a\u00f1o escolar precedente y que entre los ofensores hay escuelas privadas de toda la isla y todos los niveles educativos.<\/p>\n<p>Al dar a conocer la informaci\u00f3n, Adames rehus\u00f3 divulgar a lista de colegios multados ya que algunos no hab\u00edan sido notificados.<\/p>\n<p>&#8216;Nos parece muy prematura la informaci\u00f3n ofrecida a los medios noticiosos dando a entender como un hecho consumado que 66 escuelas fueron multadas, a pesar que no se han completado los requisitos procesales que gobiernan las actuaciones administrativas en estos casos&#8217;, le observa la Asociaci\u00f3n al Secretario del DACo en una cata cursada la semana pasada.<\/p>\n<p>En la misma el gremio de entidades educativas privadas le observa al funcionario que &#8216;las instituciones educativas tienen derecho a una vista administrativa evidenciaria ante un juzgador imparcial donde puedan someter pruebas para evidenciar la imputaci\u00f3n de cargos. Luego de celebrada la misma, se procede a la adjudicaci\u00f3n del caso y se determina si procede o no la imposici\u00f3n de la multa&#8217;.<\/p><div class=\"notic-content-middle\" id=\"notic-2598026427\"><div class=\"notic-adlabel\">Advertisements<\/div><a data-no-instant=\"1\" href=\"https:\/\/www.cst.pr.gov\/\" rel=\"noopener\" class=\"a2t-link\" target=\"_blank\" aria-label=\"970&#215;90\"><img loading=\"lazy\" decoding=\"async\" src=\"https:\/\/cdn.noticel.com\/2026\/09\/02204026\/970x90-1.jpg\" alt=\"\"  srcset=\"https:\/\/cdn.noticel.com\/2026\/09\/02204026\/970x90-1.jpg 970w, https:\/\/cdn.noticel.com\/2026\/09\/02204026\/970x90-1-300x28.jpg 300w, https:\/\/cdn.noticel.com\/2026\/09\/02204026\/970x90-1-768x71.jpg 768w, https:\/\/cdn.noticel.com\/2026\/09\/02204026\/970x90-1-18x2.jpg 18w\" sizes=\"(max-width: 970px) 100vw, 970px\" width=\"970\" height=\"90\"   \/><\/a><\/div>\n<p>Ante eso, argumentan, &#8216;no es correcto que 66 escuelas hayan sido multadas, si el proceso de adjudicaci\u00f3n administrativa apenas ha comenzado, y aun como usted ha reconocido, dichas instituciones en la gran mayor\u00eda de los casos no han sido notificadas y la vista administrativa no ha sido celebrada&#8217;.<\/p>\n<p>Por eso, los miembros de la Asociaci\u00f3n de Educaci\u00f3n Privada, por voz de su presidenta, Madelyn Carri\u00f3n Parrilla, plantean al funcionario que &#8216;ante tal violaci\u00f3n del debido procedimiento de ley, tanto en lo sustantivo como en lo procesal, le solicitamos que de inmediato emita una comunicaci\u00f3n p\u00fablica aclarando que sus expresiones no significan que al d\u00eda de hoy exista una determinaci\u00f3n final y firme que declare que esas 66 escuelas han violado la reglamentaci\u00f3n correspondiente&#8217;.<\/p>\n<p>Sostiene la Asociaci\u00f3n que la afirmaci\u00f3n de que entre los ofensores hay escuelas privadas en toda la isla y todos los niveles educativos es incorrecta ya que a este momento no existe evidencia sobre el n\u00famero de escuelas multadas por incumplir con las disposiciones del Reglamento para la divulgaci\u00f3n y venta de libros de texto.<\/p>\n<p>Se plantea en la carta al Secretariio del DACO que &#8216; sus afirmaciones p\u00fablicas lanzan un cuestionamiento muy serio sobre si habr\u00e1 un juzgador verdaderamente imparcial que presida las indicadas vistas administrativas cuando usted como Secretario de DACO, ya ha prejuzgado el caso y lo ha hecho p\u00fablico.<\/p>\n<p>Ante tal violaci\u00f3n del debido procedimiento de ley, tanto en lo sustantivo como en lo procesal, le solicitamos que de inmediato emita una comunicaci\u00f3n p\u00fablica aclarando que sus expresiones no significan que al d\u00eda de hoy exista una determinaci\u00f3n final y firme que declare que esas 66 escuelas han violado la reglamentaci\u00f3n correspondiente&#8217;.<\/p>","protected":false},"excerpt":{"rendered":"<p>La Asociaci\u00f3n de Educaci\u00f3n Privada de Puerto Rico (AEP) solicit\u00f3 al Secretario del Departamento de Asuntos del Consumidor (DACO), Nery Adames, que aclare sus expresiones p\u00fablicas sobre multas a colegios privados por supuestamente no cumplir con la reglamentaci\u00f3n de esa agencia que obliga a publicar la lista de libros asignados a los estudiantes de esas [&hellip;]<\/p>","protected":false},"author":0,"featured_media":613353,"comment_status":"closed","ping_status":"closed","sticky":false,"template":"","format":"standard","meta":{"_acf_changed":false,"_monsterinsights_skip_tracking":false,"ep_exclude_from_search":false,"footnotes":""},"categories":[2],"tags":[],"class_list":["post-116008","post","type-post","status-publish","format-standard","has-post-thumbnail","hentry","category-ultima-hora"],"acf":[],"aioseo_notices":[],"_links":{"self":[{"href":"https:\/\/noticel.com\/en\/wp-json\/wp\/v2\/posts\/116008","targetHints":{"allow":["GET"]}}],"collection":[{"href":"https:\/\/noticel.com\/en\/wp-json\/wp\/v2\/posts"}],"about":[{"href":"https:\/\/noticel.com\/en\/wp-json\/wp\/v2\/types\/post"}],"replies":[{"embeddable":true,"href":"https:\/\/noticel.com\/en\/wp-json\/wp\/v2\/comments?post=116008"}],"version-history":[{"count":1,"href":"https:\/\/noticel.com\/en\/wp-json\/wp\/v2\/posts\/116008\/revisions"}],"predecessor-version":[{"id":613371,"href":"https:\/\/noticel.com\/en\/wp-json\/wp\/v2\/posts\/116008\/revisions\/613371"}],"wp:featuredmedia":[{"embeddable":true,"href":"https:\/\/noticel.com\/en\/wp-json\/wp\/v2\/media\/613353"}],"wp:attachment":[{"href":"https:\/\/noticel.com\/en\/wp-json\/wp\/v2\/media?parent=116008"}],"wp:term":[{"taxonomy":"category","embeddable":true,"href":"https:\/\/noticel.com\/en\/wp-json\/wp\/v2\/categories?post=116008"},{"taxonomy":"post_tag","embeddable":true,"href":"https:\/\/noticel.com\/en\/wp-json\/wp\/v2\/tags?post=116008"}],"curies":[{"name":"wp","href":"https:\/\/api.w.org\/{rel}","templated":true}]}}