{"id":115347,"date":"2014-05-07T17:42:25","date_gmt":"2014-05-07T21:42:25","guid":{"rendered":"http:\/\/www.noticel.com\/ahora\/credito-de-pr\/economia\/politica\/20140507\/palos-a-ciegas-con-patente-nacional-trae-baja-en-recaudos\/"},"modified":"2025-07-24T12:10:11","modified_gmt":"2025-07-24T12:10:11","slug":"palos-a-ciegas-con-patente-nacional-trae-baja-en-recaudos","status":"publish","type":"post","link":"https:\/\/noticel.com\/en\/ultima-hora\/20140507\/palos-a-ciegas-con-patente-nacional-trae-baja-en-recaudos\/","title":{"rendered":"Palos a ciegas con patente nacional trae baja en recaudos"},"content":{"rendered":"<p>En momentos en que el presidente de la C\u00e1mara de Representantes, Jaime Perell\u00f3, ha abogado para que se elimine la patente nacional para el a\u00f1o fiscal 2015-2016 por el impacto adverso a las empresas locales y en el desarrollo econ\u00f3mico, el Departamento de Hacienda sigue sin precisar elementos cruciales como a cu\u00e1nto ascienden dichos recaudos ni cu\u00e1les empresas estuvieron exentas.<\/p>\n<p>A preguntas de NotiCel de cu\u00e1nto se hab\u00eda recaudado hasta el momento, la agencia dijo la semana pasada mediante declaraciones escritas que &#8216;la patente nacional no es una contribuci\u00f3n aparte, se paga como parte de la contribuci\u00f3n sobre ingresos que pagan las corporaciones, particularmente a trav\u00e9s del c\u00f3mputo de la contribuci\u00f3n alternativa m\u00ednima. Los pagos de las contribuciones corporativas se reflejan en los pagos trimestrales de contribuci\u00f3n estimada y en los pagos con la radicaci\u00f3n de las planillas de contribuci\u00f3n sobre ingresos. Cuando se compara c\u00f3mo han aumentado los recaudos por contribuciones sobre ingresos corporativos comparado con el a\u00f1o pasado, el aumento a marzo de 2014 hab\u00eda sido de unos $500 millones&#8217;.<\/p>\n<p>&#8216;Entendemos que la mayor\u00eda de este aumento proviene de la patente nacional y el cambio en las tasas corporativas, otro elemento del c\u00f3mputo de la contribuci\u00f3n sobre ingresos corporativos&#8217;, agregaron.<\/p>\n<p>Pero, apenas el viernes pasado, cuando ya la ciudadan\u00eda general estaba enfocada en el fin de semana del feriado de Madres, <a href=\"https:\/\/noticel.com\/en\/noticia\/160145\/un-53-de-las-planillas-corporativas-llego-sin-pago-a-hacienda.html\/\">Hacienda emiti\u00f3 un comunicado en el que cambia el tono.<\/a><\/p>\n<p>&#8216;(L)os recaudos de abril estuvieron por debajo de la cifra estimada por $442 millones, de los cuales la mayor parte corresponde a la partida de contribuci\u00f3n sobre ingresos de corporaciones con $380 millones&#8217;, dijeron.<\/p>\n<p>&#8216;Ciertamente, estos no eran exactamente los resultados que esper\u00e1bamos. Sin embargo, en el Departamento de Hacienda continuaremos trabajando en una reforma contributiva justa, que simplifique los procesos contributivos y promueva el desarrollo econ\u00f3mico&#8217;, agreg\u00f3 Acosta el viernes.<\/p>\n<p>De otro lado, al cuestion\u00e1rsele cu\u00e1ntas de las corporaciones en la Isla estuvieron exentas del pago de la patente se\u00f1alaron que no pod\u00edan precisar porque muchas empresas solicitaron pr\u00f3rroga para radicar sus planillas de contribuci\u00f3n.<\/p>\n<p>&#8216;Las corporaciones exentas de la patente son aquellas que tienen ingreso bruto por debajo de $1,000,000. De las que ten\u00edan que radicar el 15 de abril, un porciento alto radicaron pr\u00f3rrogas, dado esto, tienen hasta el 15 de julio para radicar sus planillas. No se puede determinar cu\u00e1ntas estuvieron exentas, o sea, cu\u00e1ntas tuvieron ingreso bruto por debajo de $1,000,000, hasta que se reciban y procesen todas las planillas y como ya dijimos, un porciento alto las radicar\u00e1n en o antes del 15 de julio&#8217;, argumentaron a NotiCel antes del viernes.<\/p>\n<p>Mientras tanto, aduciendo que exist\u00edan unas protecciones a trav\u00e9s de la Carta de Derechos del Contribuyente, Hacienda no quiso detallar cu\u00e1les fueron las 23 corporaciones que se le otorgaron dispensas, que les permiten gozar de una reducci\u00f3n de la tasa contributiva aplicable para el pago de la patente nacional. Tampoco especificaron a qu\u00e9 tipo de sectores representaban dichas corporaciones.<\/p>\n<p>En esa l\u00ednea se limitaron a subrayar que &#8216;representan variados sectores, pero principalmente algunas de las industrias que hab\u00edan dicho que la patente nacional los afectar\u00eda demasiado debido a los m\u00e1rgenes de sus negocios. Fue aprobado un reglamento con cierta f\u00f3rmula basado en el margen bruto. Al aplicar la f\u00f3rmula, muchas compa\u00f1\u00edas de estas industrias cualificaron&#8217;.<\/p><div class=\"notic-content-middle\" id=\"notic-60133996\"><div class=\"notic-adlabel\">Advertisements<\/div><a data-no-instant=\"1\" href=\"https:\/\/qrco.de\/bgxd5v\" rel=\"noopener\" class=\"a2t-link\" target=\"_blank\" aria-label=\"DisplayAd-728&#215;903\"><img loading=\"lazy\" decoding=\"async\" src=\"https:\/\/cdn.noticel.com\/2026\/09\/02195509\/DisplayAd-728x903-1.jpg\" alt=\"\"  srcset=\"https:\/\/cdn.noticel.com\/2026\/09\/02195509\/DisplayAd-728x903-1.jpg 728w, https:\/\/cdn.noticel.com\/2026\/09\/02195509\/DisplayAd-728x903-1-300x37.jpg 300w, https:\/\/cdn.noticel.com\/2026\/09\/02195509\/DisplayAd-728x903-1-18x2.jpg 18w\" sizes=\"(max-width: 728px) 100vw, 728px\" width=\"728\" height=\"90\"   \/><\/a><\/div>\n<p>A pesar de dichas expresiones, evitaron aseverar si se trataba de corporaciones que pertenecen a la industria de alimentos.<\/p>\n<p>De acuerdo a Hacienda, el impacto para el fisco debido a estas reducciones en las tasas contributivas ha sido de alrededor de $40 millones.<\/p>\n<p><strong>Posibilidad de m\u00e1s recortes y aumento en contribuciones<\/strong><\/p>\n<p>La baja en recaudos que observ\u00f3 el Departamento de Hacienda para el mes de abril pudiera significar que los recortes en el Gobierno sean a\u00fan m\u00e1s, mientras un incremento a los impuestos no se descartar\u00eda.<\/p>\n<p>Ese es el an\u00e1lisis del presidente de la Comisi\u00f3n de Hacienda y Presupuesto en la C\u00e1mara de Representantes, Rafael &#8216;Tatito&#8217; Hern\u00e1ndez, quien indic\u00f3 al peri\u00f3dico <a href=\"http:\/\/www.metro.pr\/economia\/bajos-recaudos-abren-puerta-a-mas-impuestos\/pGXnel!K5f94LSpGK71E\/\">Metro<\/a> que ante este informe el presupuesto se ubica en un nuevo escenario.<\/p>\n<p>&#8216;Esto cambia todo. Es un nuevo escenario en el que tienes dos alternativas: cortar m\u00e1s en el Gobierno hasta que no se afecten los servicios o tocar las contribuciones que, a pesar del an\u00e1lisis que se est\u00e1 haciendo para bajar la carga contributiva, se queda en el aire, porque, si no hay pago de contribuciones, no podemos hablar de eliminarlas. Probablemente tendremos que hasta subir contribuciones, que era algo que quer\u00edamos evitar&#8217;, dijo.<\/p>\n<p>A\u00f1adi\u00f3 que la C\u00e1mara realizar\u00e1 una investigaci\u00f3n ya que es &#8216;irregular&#8217; que m\u00e1s de un 50 % de solicitudes de pr\u00f3rrogas hayan sido sin pagos.<\/p>\n<p>Hern\u00e1ndez rechaz\u00f3 que esta falta de pago sea una especie de vendetta del sector privado luego que se estableciera la patente nacional.<\/p>\n<p>&#8216;Me da mucha suspicacia que haya n\u00fameros tan altos de incumplimiento, porque, aunque no es ilegal, no es algo t\u00edpico. Pero no hay una planilla de patente nacional; la planilla que se radic\u00f3 es la de contribuciones. No es una planilla adicional. Adem\u00e1s, fue el mismo sector privado el que solicit\u00f3 que se incluyera esto dentro de la planilla para que se evitar\u00e1 el B2B (cobro del impuestos obre la venta y uso en transacciones entre negocios)&#8217;, precis\u00f3 al rotativo.<\/p>","protected":false},"excerpt":{"rendered":"<p>En momentos en que el presidente de la C\u00e1mara de Representantes, Jaime Perell\u00f3, ha abogado para que se elimine la patente nacional para el a\u00f1o fiscal 2015-2016 por el impacto adverso a las empresas locales y en el desarrollo econ\u00f3mico, el Departamento de Hacienda sigue sin precisar elementos cruciales como a cu\u00e1nto ascienden dichos recaudos [&hellip;]<\/p>","protected":false},"author":0,"featured_media":571169,"comment_status":"closed","ping_status":"closed","sticky":false,"template":"","format":"standard","meta":{"_acf_changed":false,"_monsterinsights_skip_tracking":false,"ep_exclude_from_search":false,"footnotes":""},"categories":[22,7,2],"tags":[],"class_list":["post-115347","post","type-post","status-publish","format-standard","has-post-thumbnail","hentry","category-economia","category-politica","category-ultima-hora"],"acf":[],"aioseo_notices":[],"_links":{"self":[{"href":"https:\/\/noticel.com\/en\/wp-json\/wp\/v2\/posts\/115347","targetHints":{"allow":["GET"]}}],"collection":[{"href":"https:\/\/noticel.com\/en\/wp-json\/wp\/v2\/posts"}],"about":[{"href":"https:\/\/noticel.com\/en\/wp-json\/wp\/v2\/types\/post"}],"replies":[{"embeddable":true,"href":"https:\/\/noticel.com\/en\/wp-json\/wp\/v2\/comments?post=115347"}],"version-history":[{"count":1,"href":"https:\/\/noticel.com\/en\/wp-json\/wp\/v2\/posts\/115347\/revisions"}],"predecessor-version":[{"id":571175,"href":"https:\/\/noticel.com\/en\/wp-json\/wp\/v2\/posts\/115347\/revisions\/571175"}],"wp:featuredmedia":[{"embeddable":true,"href":"https:\/\/noticel.com\/en\/wp-json\/wp\/v2\/media\/571169"}],"wp:attachment":[{"href":"https:\/\/noticel.com\/en\/wp-json\/wp\/v2\/media?parent=115347"}],"wp:term":[{"taxonomy":"category","embeddable":true,"href":"https:\/\/noticel.com\/en\/wp-json\/wp\/v2\/categories?post=115347"},{"taxonomy":"post_tag","embeddable":true,"href":"https:\/\/noticel.com\/en\/wp-json\/wp\/v2\/tags?post=115347"}],"curies":[{"name":"wp","href":"https:\/\/api.w.org\/{rel}","templated":true}]}}