{"id":114601,"date":"2012-04-27T12:30:00","date_gmt":"2012-04-27T16:30:00","guid":{"rendered":"http:\/\/www.noticel.com\/deportes\/20120427\/centinelas-y-mulos-con-nuevos-dirigentes\/"},"modified":"2025-07-24T04:14:43","modified_gmt":"2025-07-24T04:14:43","slug":"centinelas-y-mulos-con-nuevos-dirigentes","status":"publish","type":"post","link":"https:\/\/noticel.com\/en\/deportes\/20120427\/centinelas-y-mulos-con-nuevos-dirigentes\/","title":{"rendered":"Centinelas y Mulos con nuevos dirigentes"},"content":{"rendered":"<p>Los Centinelas de Orocovis y los Mulos de Juncos tendr\u00e1n nuevos dirigentes en el und\u00e9cimo fin de semana de acci\u00f3n de la temporada regular 2012 del B\u00e9isbol Superior Doble A.<\/p>\n<p>Orocovis, con marca de 2-12 en el \u00faltimo puesto de la divisi\u00f3n Central, nombr\u00f3 como dirigente interino al coach Carlos Soto, en sustituci\u00f3n del renunciante, Alejandro Santiago.<\/p>\n<p>&#8216;Alejandro Santiago renunci\u00f3 por razones de salud. No se sent\u00eda bien \u00faltimamente, hace poco le dio un virus fuerte y dijo que no pod\u00eda cumplir con el equipo&#8217;, dijo Carlos Rodr\u00edguez, gerente general de la franquicia.<\/p>\n<p>El nuevo dirigente de la novena es natural de Aibonito y tiene experiencia como mentor en categor\u00edas menores. Junto a Santiago, renunci\u00f3 el coach, Johnny Maldonado.<\/p>\n<p>En Juncos, Adalberto &#8216;Berto&#8217; Pe\u00f1a regresar\u00e1 al mando de los Mulos. Pe\u00f1a fue piloto de la tradicional franquicia en las temporadas 2008 y 2009.<\/p>\n<p>&#8216;El resum\u00e9 de Berto Pe\u00f1a es conocido en todo el b\u00e9isbol y las ansias de regresar eran conocidas por el apoderado Carlos Pr\u00edncipe y este servidor&#8217;, indic\u00f3 V\u00edctor Goyt\u00eda, gerente general del equipo.<\/p>\n<p>Pe\u00f1a entra en sustituci\u00f3n de Edwin Cuadrado, quien se desempe\u00f1\u00f3 como dirigente interino durante las pasadas dos semanas luego de la salida de Mako Oliveras.<\/p>\n<p>&#8216;A Edwin Cuadrado le volvimos a asignar el puesto de bench coach y estamos sumamente agradecido con su trabajo&#8217;, dijo Goyt\u00eda.<\/p>\n<p>Juncos ocupa el pen\u00faltimo lugar de la Secci\u00f3n Este con 6-8.<\/p>","protected":false},"excerpt":{"rendered":"<p>Los Centinelas de Orocovis y los Mulos de Juncos tendr\u00e1n nuevos dirigentes en el und\u00e9cimo fin de semana de acci\u00f3n de la temporada regular 2012 del B\u00e9isbol Superior Doble A. Orocovis, con marca de 2-12 en el \u00faltimo puesto de la divisi\u00f3n Central, nombr\u00f3 como dirigente interino al coach Carlos Soto, en sustituci\u00f3n del renunciante, [&hellip;]<\/p>","protected":false},"author":0,"featured_media":0,"comment_status":"closed","ping_status":"closed","sticky":false,"template":"","format":"standard","meta":{"_acf_changed":false,"_monsterinsights_skip_tracking":false,"ep_exclude_from_search":false,"footnotes":""},"categories":[31],"tags":[],"class_list":["post-114601","post","type-post","status-publish","format-standard","hentry","category-deportes"],"acf":[],"aioseo_notices":[],"_links":{"self":[{"href":"https:\/\/noticel.com\/en\/wp-json\/wp\/v2\/posts\/114601","targetHints":{"allow":["GET"]}}],"collection":[{"href":"https:\/\/noticel.com\/en\/wp-json\/wp\/v2\/posts"}],"about":[{"href":"https:\/\/noticel.com\/en\/wp-json\/wp\/v2\/types\/post"}],"replies":[{"embeddable":true,"href":"https:\/\/noticel.com\/en\/wp-json\/wp\/v2\/comments?post=114601"}],"version-history":[{"count":1,"href":"https:\/\/noticel.com\/en\/wp-json\/wp\/v2\/posts\/114601\/revisions"}],"predecessor-version":[{"id":567957,"href":"https:\/\/noticel.com\/en\/wp-json\/wp\/v2\/posts\/114601\/revisions\/567957"}],"wp:attachment":[{"href":"https:\/\/noticel.com\/en\/wp-json\/wp\/v2\/media?parent=114601"}],"wp:term":[{"taxonomy":"category","embeddable":true,"href":"https:\/\/noticel.com\/en\/wp-json\/wp\/v2\/categories?post=114601"},{"taxonomy":"post_tag","embeddable":true,"href":"https:\/\/noticel.com\/en\/wp-json\/wp\/v2\/tags?post=114601"}],"curies":[{"name":"wp","href":"https:\/\/api.w.org\/{rel}","templated":true}]}}