{"id":114333,"date":"2014-08-28T16:41:07","date_gmt":"2014-08-28T20:41:07","guid":{"rendered":"http:\/\/www.noticel.com\/deportes\/20140828\/futbol-club-mexicano-america-jugara-contra-bayamon-fc\/"},"modified":"2025-08-18T04:56:05","modified_gmt":"2025-08-18T04:56:05","slug":"futbol-club-mexicano-america-jugara-contra-bayamon-fc","status":"publish","type":"post","link":"https:\/\/noticel.com\/en\/deportes\/20140828\/futbol-club-mexicano-america-jugara-contra-bayamon-fc\/","title":{"rendered":"F\u00fatbol: Club mexicano &#8216;Am\u00e9rica&#8217; jugar\u00e1 contra Bayam\u00f3n FC"},"content":{"rendered":"<p>La fiebre del f\u00fatbol internacional contin\u00faa en Puerto Rico y enardecer\u00e1 a los fan\u00e1ticos del deporte rey con dos grandes partidos de la Liga de Campeones CONCACAF, en el estadio Juan Ram\u00f3n Loubriel de Bayam\u00f3n.<\/p>\n<p>El f\u00fatbol boricua se viste de gala con la visita, por primera vez en Puerto Rico, del club m\u00e1s importante de la Regi\u00f3n, el Am\u00e9rica de M\u00e9xico, para enfrentar al Puerto Rico Bayam\u00f3n FC el mi\u00e9rcoles, 17 de septiembre a las 8:00 de la noche en un partido de pura adrenalina.<\/p>\n<p>Tras dos a\u00f1os de ausencia del f\u00fatbol internacional de mayores en la Isla, el conjunto azteca, que tiene entre sus estrellas a Paul Aguilar, Ra\u00fal Jim\u00e9nez, Oribe Peralta y Miguel Lay\u00fan, mundialistas de Brasil 2014, retar\u00e1n el poder de la Maquina Azul, dirigido por el t\u00e9cnico Francisco Arias en su terreno de juego del Loubriel.<\/p>\n<p>Una semana despu\u00e9s, el jueves, 25 de septiembre a las 8:00 de la noche, Puerto Rico Bayam\u00f3n FC recibir\u00e1 al onceno Comunicadores de Guatemala, en un gran partido donde los locales buscaran plantar bandera para continuar posicion\u00e1ndose en la Liga.<\/p><div class=\"notic-content-middle\" id=\"notic-74074456\"><div class=\"notic-adlabel\">Advertisements<\/div><a data-no-instant=\"1\" href=\"https:\/\/qrco.de\/bgxd5v\" rel=\"noopener\" class=\"a2t-link\" target=\"_blank\" aria-label=\"DisplayAd-728&#215;903\"><img loading=\"lazy\" decoding=\"async\" src=\"https:\/\/cdn.noticel.com\/2026\/08\/11174955\/DisplayAd-728x903-1.jpg\" alt=\"\"  srcset=\"https:\/\/cdn.noticel.com\/2026\/08\/11174955\/DisplayAd-728x903-1.jpg 728w, https:\/\/cdn.noticel.com\/2026\/08\/11174955\/DisplayAd-728x903-1-300x37.jpg 300w, https:\/\/cdn.noticel.com\/2026\/08\/11174955\/DisplayAd-728x903-1-18x2.jpg 18w\" sizes=\"(max-width: 728px) 100vw, 728px\" width=\"728\" height=\"90\"   \/><\/a><\/div>\n<p>Esta serie de juegos de la Liga CONCACAF, son una gran oportunidad para fomentar en Puerto Rico uno de los deportes m\u00e1s importantes del mundo.<\/p>\n<p>Pensando en ello, la producci\u00f3n desarroll\u00f3 una formula de boletos a precios populares desde $10.00 d\u00f3lares que incluye la entrada a los dos juegos.<\/p>\n<p>Los partidos de la CONCACAF en Puerto Rico el 17 y 25 de septiembre a las 8:00 de la noche en el Estadio Juan Ram\u00f3n Loubriel de Bayam\u00f3n son producidos por Rafo Mu\u00f1iz para PROLAT. Para mas informaci\u00f3n y boletos accede www.PRticket.com o llama al 787.303.0334.<\/p>","protected":false},"excerpt":{"rendered":"<p>La fiebre del f\u00fatbol internacional contin\u00faa en Puerto Rico y enardecer\u00e1 a los fan\u00e1ticos del deporte rey con dos grandes partidos de la Liga de Campeones CONCACAF, en el estadio Juan Ram\u00f3n Loubriel de Bayam\u00f3n. El f\u00fatbol boricua se viste de gala con la visita, por primera vez en Puerto Rico, del club m\u00e1s importante [&hellip;]<\/p>","protected":false},"author":0,"featured_media":866115,"comment_status":"closed","ping_status":"closed","sticky":false,"template":"","format":"standard","meta":{"_acf_changed":false,"_monsterinsights_skip_tracking":false,"ep_exclude_from_search":false,"footnotes":""},"categories":[31],"tags":[],"class_list":["post-114333","post","type-post","status-publish","format-standard","has-post-thumbnail","hentry","category-deportes"],"acf":[],"aioseo_notices":[],"_links":{"self":[{"href":"https:\/\/noticel.com\/en\/wp-json\/wp\/v2\/posts\/114333","targetHints":{"allow":["GET"]}}],"collection":[{"href":"https:\/\/noticel.com\/en\/wp-json\/wp\/v2\/posts"}],"about":[{"href":"https:\/\/noticel.com\/en\/wp-json\/wp\/v2\/types\/post"}],"replies":[{"embeddable":true,"href":"https:\/\/noticel.com\/en\/wp-json\/wp\/v2\/comments?post=114333"}],"version-history":[{"count":1,"href":"https:\/\/noticel.com\/en\/wp-json\/wp\/v2\/posts\/114333\/revisions"}],"predecessor-version":[{"id":866142,"href":"https:\/\/noticel.com\/en\/wp-json\/wp\/v2\/posts\/114333\/revisions\/866142"}],"wp:featuredmedia":[{"embeddable":true,"href":"https:\/\/noticel.com\/en\/wp-json\/wp\/v2\/media\/866115"}],"wp:attachment":[{"href":"https:\/\/noticel.com\/en\/wp-json\/wp\/v2\/media?parent=114333"}],"wp:term":[{"taxonomy":"category","embeddable":true,"href":"https:\/\/noticel.com\/en\/wp-json\/wp\/v2\/categories?post=114333"},{"taxonomy":"post_tag","embeddable":true,"href":"https:\/\/noticel.com\/en\/wp-json\/wp\/v2\/tags?post=114333"}],"curies":[{"name":"wp","href":"https:\/\/api.w.org\/{rel}","templated":true}]}}