{"id":114317,"date":"2011-10-03T17:20:00","date_gmt":"2011-10-03T21:20:00","guid":{"rendered":"http:\/\/www.noticel.com\/la-calle\/20111003\/tapones-aqui-y-alla\/"},"modified":"2025-08-28T12:47:14","modified_gmt":"2025-08-28T12:47:14","slug":"tapones-aqui-y-alla","status":"publish","type":"post","link":"https:\/\/noticel.com\/en\/noticias\/la-calle\/20111003\/tapones-aqui-y-alla\/","title":{"rendered":"Tapones aqu\u00ed y all\u00e1"},"content":{"rendered":"<p>Pesado en Carr. #2, \u00e1rea del RUM y Centro M\u00e9dico en Mayag\u00fcez. Pesado en Carr. #2 de Ponce \u00e1rea de Las cucharas y Punto Oro, en direcci\u00f3n de Ponce a Pe\u00f1uelas. Pesado desde \u00e1rea de la Nueva Comandancia en Ponce hasta las letras en Autopista Luis A Ferr\u00e9, en direcci\u00f3n de Ponce a Juana D\u00edaz. Lento en Exp. Kennedy, en direcci\u00f3n a Bayam\u00f3n. Pesado en Carr #2, Carr #165, Carr #167 en Bayam\u00f3n. Pesado en Exp. Baldorioty De Castro, en direcci\u00f3n de San Juan a Carolina. Lento en Autopista Luis A. Ferr\u00e9 en ambas direcciones por la investigaci\u00f3n del tiroteo. Lento en Exp. De Diego, en direcci\u00f3n de San Juan a Toa Baja. Pesado en Carr #1 entre Rio Piedras a Caguas. Lento en Carr #30 entre Caguas y Gurabo en ambas direcciones.<\/p>","protected":false},"excerpt":{"rendered":"<p>Pesado en Carr. #2, \u00e1rea del RUM y Centro M\u00e9dico en Mayag\u00fcez. Pesado en Carr. #2 de Ponce \u00e1rea de Las cucharas y Punto Oro, en direcci\u00f3n de Ponce a Pe\u00f1uelas. Pesado desde \u00e1rea de la Nueva Comandancia en Ponce hasta las letras en Autopista Luis A Ferr\u00e9, en direcci\u00f3n de Ponce a Juana D\u00edaz. [&hellip;]<\/p>","protected":false},"author":0,"featured_media":923493,"comment_status":"closed","ping_status":"closed","sticky":false,"template":"","format":"standard","meta":{"_acf_changed":false,"_monsterinsights_skip_tracking":false,"ep_exclude_from_search":false,"footnotes":""},"categories":[12],"tags":[],"class_list":["post-114317","post","type-post","status-publish","format-standard","has-post-thumbnail","hentry","category-la-calle"],"acf":[],"aioseo_notices":[],"_links":{"self":[{"href":"https:\/\/noticel.com\/en\/wp-json\/wp\/v2\/posts\/114317","targetHints":{"allow":["GET"]}}],"collection":[{"href":"https:\/\/noticel.com\/en\/wp-json\/wp\/v2\/posts"}],"about":[{"href":"https:\/\/noticel.com\/en\/wp-json\/wp\/v2\/types\/post"}],"replies":[{"embeddable":true,"href":"https:\/\/noticel.com\/en\/wp-json\/wp\/v2\/comments?post=114317"}],"version-history":[{"count":1,"href":"https:\/\/noticel.com\/en\/wp-json\/wp\/v2\/posts\/114317\/revisions"}],"predecessor-version":[{"id":923551,"href":"https:\/\/noticel.com\/en\/wp-json\/wp\/v2\/posts\/114317\/revisions\/923551"}],"wp:featuredmedia":[{"embeddable":true,"href":"https:\/\/noticel.com\/en\/wp-json\/wp\/v2\/media\/923493"}],"wp:attachment":[{"href":"https:\/\/noticel.com\/en\/wp-json\/wp\/v2\/media?parent=114317"}],"wp:term":[{"taxonomy":"category","embeddable":true,"href":"https:\/\/noticel.com\/en\/wp-json\/wp\/v2\/categories?post=114317"},{"taxonomy":"post_tag","embeddable":true,"href":"https:\/\/noticel.com\/en\/wp-json\/wp\/v2\/tags?post=114317"}],"curies":[{"name":"wp","href":"https:\/\/api.w.org\/{rel}","templated":true}]}}