{"id":113958,"date":"2014-01-22T09:46:55","date_gmt":"2014-01-22T13:46:55","guid":{"rendered":"http:\/\/www.noticel.com\/ahora\/20140122\/niegan-peticion-para-que-se-pueda-transmitir-veredicto-de-casellas-documen\/"},"modified":"2025-08-21T10:10:36","modified_gmt":"2025-08-21T10:10:36","slug":"niegan-peticion-para-que-se-pueda-transmitir-veredicto-de-casellas-documen","status":"publish","type":"post","link":"https:\/\/noticel.com\/en\/ultima-hora\/20140122\/niegan-peticion-para-que-se-pueda-transmitir-veredicto-de-casellas-documen\/","title":{"rendered":"Niegan petici\u00f3n para que se pueda transmitir veredicto de Casellas (documen"},"content":{"rendered":"<p>El Tribunal Supremo neg\u00f3 esta tarde una petici\u00f3n de las organizaciones period\u00edsticas del Pa\u00eds para transmitir en vivo el veredicto en el caso por asesinato que se lleva a cabo contra Pablo Casellas.<\/p>\n<p>Todos los jueces, menos el juez asociado Luis Estrella, emitieron votos de no ha lugar a la petici\u00f3n. El juez estrella emiti\u00f3 un voto disidente.<\/p>\n<p>Por su parte, el juez Eric Kolthoff emiti\u00f3 un voto de conformidad justificando el no ha lugar.<\/p>\n<p>En el recurso, las organizaciones de prensa, a trav\u00e9s de su abogado Carlos D\u00edaz Olivo, se comprometieron a proteger la identidad de los miembros del jurado.<\/p>\n<p>&#8216;Es importante destacar y enfatizar que los peticionarios, est\u00e1n comprometidos a proteger la identidad e intimidad de las personas que configuran el jurado, as\u00ed como la integridad y seriedad de los procesos que se desarrollen en corte. A tales efectos, en ning\u00fan momento, a la persona que presida el jurado, ni a ninguno otro de los miembros del jurado, se le har\u00e1n tomas directas por ning\u00fan medio que de alg\u00fan modo puedan conllevar la identificaci\u00f3n de su persona o identidad&#8217;, indica el documento.<\/p>\n<p>El presidente de la Asociaci\u00f3n de Periodistas, Rafael Len\u00edn L\u00f3pez, defendi\u00f3 la solicitud.<\/p>\n<p>&#8216;Con esta moci\u00f3n buscamos que los procesos judiciales vayan abri\u00e9ndose al p\u00fablico poco a poco, como parte del plan experimental de entrada de c\u00e1maras a los tribunales que aprob\u00f3 el Tribunal Supremo en el verano pasado. Decidimos pedir apertura en este caso en esta etapa cuando ya nadie puede alegar que la entrada de fotoperiodistas tendr\u00e1 consecuencia sobre el proceso pues el veredicto estar\u00e1 tomado por el jurado&#8217;, dijo L\u00f3pez a NotiCel.<\/p>\n<p>Record\u00f3 que el plan del Supremo sobre la entrada de c\u00e1maras a las salas de los tribunales est\u00e1 vigente hasta julio de este a\u00f1o y hay que seguir educando al pueblo y a la propia Rama Judicial que el pueblo tiene derecho a conocer de primera mano lo que pasa en la salas judiciales para que la apertura siga ampli\u00e1ndose.<\/p><div class=\"notic-content-middle\" id=\"notic-4198736420\"><div class=\"notic-adlabel\">Advertisements<\/div><a data-no-instant=\"1\" href=\"https:\/\/www.asegurate-bien.com\/\" rel=\"noopener\" class=\"a2t-link\" target=\"_blank\" aria-label=\"Acodese-Adaptaciones-Noticel-728&#215;90\"><img loading=\"lazy\" decoding=\"async\" src=\"https:\/\/cdn.noticel.com\/2026\/07\/30095222\/Acodese-Adaptaciones-Noticel-728x90-1.jpg\" alt=\"\"  srcset=\"https:\/\/cdn.noticel.com\/2026\/07\/30095222\/Acodese-Adaptaciones-Noticel-728x90-1.jpg 728w, https:\/\/cdn.noticel.com\/2026\/07\/30095222\/Acodese-Adaptaciones-Noticel-728x90-1-300x37.jpg 300w, https:\/\/cdn.noticel.com\/2026\/07\/30095222\/Acodese-Adaptaciones-Noticel-728x90-1-18x2.jpg 18w\" sizes=\"(max-width: 728px) 100vw, 728px\" width=\"728\" height=\"90\"   \/><\/a><\/div>\n<p>De inmediato, uno de los abogados de defensa del corredor de seguros, Juan Ram\u00f3n Acevedo, repudi\u00f3 la acci\u00f3n de las organizaciones period\u00edsticas.<\/p>\n<p>&#8216;Yo personal y profesionalmente me opongo a eso. Yo creo que esto es continuar una de las peores cosas que han pasado en este caso, que lo han convertido en un espect\u00e1culo&#8217;, dijo el letrado en entrevista telef\u00f3nica con NotiCel.<\/p>\n<p>El abogado defensor afirm\u00f3 que hasta el momento no ha sido notificado de la radicaci\u00f3n del recurso que se present\u00f3 en el Supremo el mi\u00e9rcoles a las 8:30 a.m.<\/p>\n<p>&#8216;Esa ha sido la mala pr\u00e1ctica de los abogados de la Asociaci\u00f3n (de Periodistas de Puerto Rico) y del Tribunal Supremo de no notificarnos esas decisiones a los acusados a trav\u00e9s de sus abogados como si nosotros no existi\u00e9ramos o no tuvi\u00e9ramos derecho a saber y a poder reaccionar. Eso es una pr\u00e1ctica que le hace da\u00f1o a la justicia porque la notificaci\u00f3n es uno de los derechos b\u00e1sicos del debido procedimiento de ley&#8217;, sostuvo.<\/p>\n<p>Su postura es similar a la que emiti\u00f3 cuando el tribunal Supremo permiti\u00f3 la hist\u00f3rica transmisi\u00f3n en directo de la sentencia contra otro de sus clientes, el exalcalde novoprogresista de Cidra \u00c1ngel &#8216;Wiso&#8217; Malav\u00e9.<\/p>\n<p>NotiCel supo que el juez asociado Luis Estrella estar\u00eda a favor de que se autorice la transmisi\u00f3n en directo pese a que la petici\u00f3n no se hizo con tiempo debido.<\/p>\n<p><a href=\"https:\/\/media.noticel.com\/o2com-noti-media-us-east-1\/document_dev\/2017\/08\/23\/2307747f72eb3e366f2debc4e18f1491_8190396_ver1.0.pdf\" target=\"_blank\"> Solicitud para transmitir veredicto de Casellas_5410<\/a><\/p>\n<p><a href=\"https:\/\/media.noticel.com\/o2com-noti-media-us-east-1\/document_dev\/2017\/08\/23\/7a2e5645d4f9fac21202b05e3cbda5d9_8190397_ver1.0.pdf\" target=\"_blank\"> Resoluci\u00f3n Supremo Casellas_5411<\/a><\/p>","protected":false},"excerpt":{"rendered":"<p>El Tribunal Supremo neg\u00f3 esta tarde una petici\u00f3n de las organizaciones period\u00edsticas del Pa\u00eds para transmitir en vivo el veredicto en el caso por asesinato que se lleva a cabo contra Pablo Casellas. Todos los jueces, menos el juez asociado Luis Estrella, emitieron votos de no ha lugar a la petici\u00f3n. El juez estrella emiti\u00f3 [&hellip;]<\/p>","protected":false},"author":0,"featured_media":885636,"comment_status":"closed","ping_status":"closed","sticky":false,"template":"","format":"standard","meta":{"_acf_changed":false,"_monsterinsights_skip_tracking":false,"ep_exclude_from_search":false,"footnotes":""},"categories":[2],"tags":[],"class_list":["post-113958","post","type-post","status-publish","format-standard","has-post-thumbnail","hentry","category-ultima-hora"],"acf":[],"aioseo_notices":[],"_links":{"self":[{"href":"https:\/\/noticel.com\/en\/wp-json\/wp\/v2\/posts\/113958","targetHints":{"allow":["GET"]}}],"collection":[{"href":"https:\/\/noticel.com\/en\/wp-json\/wp\/v2\/posts"}],"about":[{"href":"https:\/\/noticel.com\/en\/wp-json\/wp\/v2\/types\/post"}],"replies":[{"embeddable":true,"href":"https:\/\/noticel.com\/en\/wp-json\/wp\/v2\/comments?post=113958"}],"version-history":[{"count":1,"href":"https:\/\/noticel.com\/en\/wp-json\/wp\/v2\/posts\/113958\/revisions"}],"predecessor-version":[{"id":885660,"href":"https:\/\/noticel.com\/en\/wp-json\/wp\/v2\/posts\/113958\/revisions\/885660"}],"wp:featuredmedia":[{"embeddable":true,"href":"https:\/\/noticel.com\/en\/wp-json\/wp\/v2\/media\/885636"}],"wp:attachment":[{"href":"https:\/\/noticel.com\/en\/wp-json\/wp\/v2\/media?parent=113958"}],"wp:term":[{"taxonomy":"category","embeddable":true,"href":"https:\/\/noticel.com\/en\/wp-json\/wp\/v2\/categories?post=113958"},{"taxonomy":"post_tag","embeddable":true,"href":"https:\/\/noticel.com\/en\/wp-json\/wp\/v2\/tags?post=113958"}],"curies":[{"name":"wp","href":"https:\/\/api.w.org\/{rel}","templated":true}]}}