{"id":113876,"date":"2011-08-12T17:13:00","date_gmt":"2011-08-12T21:13:00","guid":{"rendered":"http:\/\/www.noticel.com\/deportes\/20110812\/2-millones-extra-para-ir-a-guadalajara\/"},"modified":"2025-08-28T17:44:29","modified_gmt":"2025-08-28T17:44:29","slug":"2-millones-extra-para-ir-a-guadalajara","status":"publish","type":"post","link":"https:\/\/noticel.com\/en\/deportes\/20110812\/2-millones-extra-para-ir-a-guadalajara\/","title":{"rendered":"$2 millones extra para ir a Guadalajara"},"content":{"rendered":"<p>Tal y como hab\u00eda adelantado NotiCel a mediados de esta semana, el gobernador de Puerto Rico, Luis Fortu\u00f1o, le hizo entrega de un cheque de $2 millones al presidente del Comit\u00e9 Ol\u00edmpico de Puerto Rico (COPUR), David Bernier, para la preparaci\u00f3n de los atletas para los Juegos Panamericanos de 2011 en Guadalajara.<\/p>\n<p>El anuncio de esta asignaci\u00f3n, seg\u00fan Bernier &#8216;nunca antes vista&#8217;, se realiz\u00f3 en cancha Nilmarie Santini, que ubica en las instalaciones del Departamento de Recreaci\u00f3n y Deportes (DRD) en Santurce.<\/p>\n<p>Bernier, destac\u00f3 que la asignaci\u00f3n es &#8216;cr\u00edtica&#8217; para poder cumplir con la preparaci\u00f3n de los atletas durante estos pr\u00f3ximos dos meses, &#8216;en la recta final&#8217; rumbo a Guadalajara 2011, que arranca en octubre. A esta asignaci\u00f3n se le design\u00f3 como el G-11. El joven presidente del COPURcategoriz\u00f3 esto como &#8216;una ayuda econ\u00f3mica hist\u00f3rica&#8217;.<\/p>\n<p>&#8216;Desde el punto de vista econ\u00f3mico esto es un refuerzo a lo que ante exist\u00eda. Lo que ten\u00edamos antes era una preparaci\u00f3n adecuada, pero siempre nos iba a faltar gasolina. Esto es m\u00e1s o menos similar a lo que logramos en Mayag\u00fcez 2010. De esta forma, culmina esa etapa de buscar recursos, que si no tuvi\u00e9ramos este empuj\u00f3n final del Gobierno, se habr\u00eda que hacer de forma m\u00e1s ajustada&#8217;, dijo Bernier.<\/p>\n<p>&#8216;La idea ahora es mejorar el desempe\u00f1o de los Juegos Panamericanos de R\u00edo 2007, donde ganamos 22 medallas&#8217;, dijo, se\u00f1alando ejemplos de donde el dinero ayudar\u00e1 a los atletas, como, por ejemplo, &#8216;con la delegaci\u00f3n de judo que va a entrenar a Mongolia&#8217; y &#8216;con los psic\u00f3logos deportivos y terapeutas que a diario ayudan a nuestros atletas&#8217;.<\/p><div class=\"notic-content-middle\" id=\"notic-1891201821\"><div class=\"notic-adlabel\">Advertisements<\/div><a data-no-instant=\"1\" href=\"https:\/\/qrco.de\/bgxd5v\" rel=\"noopener\" class=\"a2t-link\" target=\"_blank\" aria-label=\"DisplayAds-970&#215;2503\"><img loading=\"lazy\" decoding=\"async\" src=\"https:\/\/cdn.noticel.com\/2026\/09\/02201056\/DisplayAds-970x2503-1.jpg\" alt=\"\"  srcset=\"https:\/\/cdn.noticel.com\/2026\/09\/02201056\/DisplayAds-970x2503-1.jpg 970w, https:\/\/cdn.noticel.com\/2026\/09\/02201056\/DisplayAds-970x2503-1-300x77.jpg 300w, https:\/\/cdn.noticel.com\/2026\/09\/02201056\/DisplayAds-970x2503-1-768x198.jpg 768w, https:\/\/cdn.noticel.com\/2026\/09\/02201056\/DisplayAds-970x2503-1-18x5.jpg 18w\" sizes=\"(max-width: 970px) 100vw, 970px\" width=\"970\" height=\"250\"   \/><\/a><\/div>\n<p>Esta asignaci\u00f3n se una as\u00ed al monto ya asignado de $1.3 anual que el Gobierno le otorga al COPUR para que lo reparta entre las federaciones deportivas.<\/p>\n<p>Por su parte, Fortu\u00f1o indic\u00f3 que a pesar de que la situaci\u00f3n econ\u00f3mica es un &#8216;poco ajustada&#8217;, los fondos para la delegaci\u00f3n aparecieron con una labor conjunta con la Legislatura pues &#8216;el deporte es algo que nos une a todos como pueblo&#8217;. El primer ejecutivo le agradeci\u00f3 adem\u00e1s a los atletas boricuas por su compromiso.<\/p>\n<p>Entre los presentes, figuraban varios medallistas centroamericanos como Rafael Lucas Bennazard, de tiro con escopeta, la judoca Melisa Mojica y el baloncelista Ricky S\u00e1nchez. Igualmente, dijeron presente los boxeadores F\u00e9lix Verdejo y Kiria Tapia, primera mujer puertorrique\u00f1a en competir en unos Juegos Panamericanos.<\/p>\n<p>Adem\u00e1s, tambi\u00e9n estaban varios l\u00edderes federativos, como el presidente de la Federaci\u00f3n de Boxeo, Jos\u00e9 Luis Vell\u00f3n, y el de la Federaci\u00f3n de B\u00e9isbol, Israel Rold\u00e1n, entre otros.<\/p>","protected":false},"excerpt":{"rendered":"<p>Tal y como hab\u00eda adelantado NotiCel a mediados de esta semana, el gobernador de Puerto Rico, Luis Fortu\u00f1o, le hizo entrega de un cheque de $2 millones al presidente del Comit\u00e9 Ol\u00edmpico de Puerto Rico (COPUR), David Bernier, para la preparaci\u00f3n de los atletas para los Juegos Panamericanos de 2011 en Guadalajara. El anuncio de [&hellip;]<\/p>","protected":false},"author":0,"featured_media":926022,"comment_status":"closed","ping_status":"closed","sticky":false,"template":"","format":"standard","meta":{"_acf_changed":false,"_monsterinsights_skip_tracking":false,"ep_exclude_from_search":false,"footnotes":""},"categories":[31],"tags":[],"class_list":["post-113876","post","type-post","status-publish","format-standard","has-post-thumbnail","hentry","category-deportes"],"acf":[],"aioseo_notices":[],"_links":{"self":[{"href":"https:\/\/noticel.com\/en\/wp-json\/wp\/v2\/posts\/113876","targetHints":{"allow":["GET"]}}],"collection":[{"href":"https:\/\/noticel.com\/en\/wp-json\/wp\/v2\/posts"}],"about":[{"href":"https:\/\/noticel.com\/en\/wp-json\/wp\/v2\/types\/post"}],"replies":[{"embeddable":true,"href":"https:\/\/noticel.com\/en\/wp-json\/wp\/v2\/comments?post=113876"}],"version-history":[{"count":1,"href":"https:\/\/noticel.com\/en\/wp-json\/wp\/v2\/posts\/113876\/revisions"}],"predecessor-version":[{"id":926033,"href":"https:\/\/noticel.com\/en\/wp-json\/wp\/v2\/posts\/113876\/revisions\/926033"}],"wp:featuredmedia":[{"embeddable":true,"href":"https:\/\/noticel.com\/en\/wp-json\/wp\/v2\/media\/926022"}],"wp:attachment":[{"href":"https:\/\/noticel.com\/en\/wp-json\/wp\/v2\/media?parent=113876"}],"wp:term":[{"taxonomy":"category","embeddable":true,"href":"https:\/\/noticel.com\/en\/wp-json\/wp\/v2\/categories?post=113876"},{"taxonomy":"post_tag","embeddable":true,"href":"https:\/\/noticel.com\/en\/wp-json\/wp\/v2\/tags?post=113876"}],"curies":[{"name":"wp","href":"https:\/\/api.w.org\/{rel}","templated":true}]}}