{"id":112481,"date":"2015-05-14T17:09:02","date_gmt":"2015-05-14T21:09:02","guid":{"rendered":"http:\/\/www.noticel.com\/deportes\/deportes-cool\/20150514\/viento-en-popa-para-el-p-r-heineken-international-regatta\/"},"modified":"2025-08-17T19:16:31","modified_gmt":"2025-08-17T19:16:31","slug":"viento-en-popa-para-el-p-r-heineken-international-regatta","status":"publish","type":"post","link":"https:\/\/noticel.com\/en\/deportes\/20150514\/viento-en-popa-para-el-p-r-heineken-international-regatta\/","title":{"rendered":"Viento en popa para el P.R. Heineken International Regatta"},"content":{"rendered":"<p>El evento de vela m\u00e1s importante del pa\u00eds, el Puerto Rico Heineken International Regatta (PRHIR), as\u00ed como la Puerto Rico International Dinghy Regatta (PRIDR), regresa a la costa este de la Isla como escenario de competencia para sobre 70 embarcaciones que competir\u00e1n por el m\u00e1ximo premio.<\/p>\n<p>El evento, a llevarse a cabo en The Yacht Club en Palmas del Mar, Humacao, cumple su primera d\u00e9cada con tres d\u00edas de acci\u00f3n en el mar del 22 al 25 de mayo, durante el fin de semana de la Recordaci\u00f3n (Memorial Day).<\/p>\n<p>Organizado por la cerveza holandesa Heineken, espera reunir cerca de 500 veleristas locales e internacionales as\u00ed como miles de asistentes diarios.<\/p>\n<p>Al igual que en a\u00f1os anteriores, todos los recaudos de la PRHIR ser\u00e1n destinados a la Federaci\u00f3n de Vela de Puerto Rico, como parte del impulso a continuar desarrollando el deporte en la Isla.<\/p>\n<p>Hasta la fecha ya se han registrado aproximadamente 50 embarcaciones o equipos en las diversas categor\u00edas que ofrece la competencia.<\/p>\n<p>Los mejores competidores de vela del Caribe y de todas partes del mundo medir\u00e1n fuerzas en las aguas del Mar Caribe, siendo una de las regatas m\u00e1s competitivas y de mayor prestigio.<\/p>\n<p>Entre los participantes o \u2018crews&#8217; que competir\u00e1n este a\u00f1o se encuentran Jaime Torres y su embarcaci\u00f3n &#8216;Smile and Wave&#8217;, Sergio Sagramoso y su embarcaci\u00f3n &#8216;Lazy Dog&#8217; y Luis Juarbe en su embarcaci\u00f3n &#8216;Soca&#8217;, en la categor\u00eda de Melges 32&#8242;.<\/p>\n<p>Adem\u00e1s, se ver\u00e1 mucha competencia en la categor\u00eda de IC 24 con m\u00e1s de 10 embarcaciones y con la visita de varios equipos de St. Thomas y Tortola.<\/p>\n<p>Capitanes como Marco Teixidor y Chris Rosenberg estar\u00e1n activos en esta clase.<\/p>\n<p>En la PRDIR, los Hobie Cat 16 no ser\u00e1n la excepci\u00f3n. Esta clase ha sido bien competitiva con equipos medallistas disput\u00e1ndose los primeros lugares.<\/p>\n<p>Defendiendo su t\u00edtulo estar\u00e1n Francisco Figueroa y Jolliam Berr\u00edos. Esta tarea no ser\u00e1 f\u00e1cil ya que, adem\u00e1s del alto calibre local, tambi\u00e9n participar\u00e1 el guatemalteco, Jason Hess junto a Irene Abascal, medallistas de bronce en Juegos CAC 2014 y Juegos Panamericano 2011.<\/p>\n<p>Este equipo estar\u00e1 representando a su pa\u00eds nuevamente en los Juegos Panamericanos de Toronto en julio 2015.<\/p>\n<p>Los eventos est\u00e1n dirigidos para todo tipo de embarcaci\u00f3n; desde los dinghys hasta las embarcaciones m\u00e1s grandes como &#8216;keelboats&#8217;. Las categor\u00edas participantes en vela grande son: CSA Racing, PHRF Jib &lt;&gt; &lt;&gt; &lt;&gt;&lt;&gt; &lt;&gt;&lt;&gt; &lt;&gt; &lt;&gt; &amp; Main, J-24, IC-24, Melges 32, Raya, Mariner 19 y Hunter 21.\/p<\/p>\n<p>A\u00fan contin\u00faan abiertas las inscripciones para los que interesen competir. Toda persona interesada puede inscribirse ena href=&#8217;http:\/\/www.yachtscoring.com&#8217;www.yachtscoring.com\/a. Para m\u00e1s informaci\u00f3n, visitea href=&#8217;http:\/\/www.heinekenregattapr.com&#8217;www.heinekenregattapr.com\/a ya href=&#8217;http:\/\/www.dinghyregattapr.com&#8217;www.dinghyregattapr.com\/a.\/p<\/p>\n<p>Las embarcaciones competidoras saldr\u00e1n diariamente al agua aproximadamente a las 8:00 a.m. En la PRHIR y en la Dinghy Regatta la primera bandera subir\u00e1 a las 11:00 a.m., Las embarcaciones de la PRHIR regresar\u00e1n a tierra entre 3:30 p.m. y 5:00 p.m.; mientras que para la Dinghy Regatta entre 2:30 p.m. y 3:30 p.m., dependiendo de la embarcaci\u00f3n y las condiciones del viento.<\/p>","protected":false},"excerpt":{"rendered":"<p>El evento de vela m\u00e1s importante del pa\u00eds, el Puerto Rico Heineken International Regatta (PRHIR), as\u00ed como la Puerto Rico International Dinghy Regatta (PRIDR), regresa a la costa este de la Isla como escenario de competencia para sobre 70 embarcaciones que competir\u00e1n por el m\u00e1ximo premio. El evento, a llevarse a cabo en The Yacht [&hellip;]<\/p>","protected":false},"author":0,"featured_media":861533,"comment_status":"closed","ping_status":"closed","sticky":false,"template":"","format":"standard","meta":{"_acf_changed":false,"_monsterinsights_skip_tracking":false,"ep_exclude_from_search":false,"footnotes":""},"categories":[31],"tags":[],"class_list":["post-112481","post","type-post","status-publish","format-standard","has-post-thumbnail","hentry","category-deportes"],"acf":[],"aioseo_notices":[],"_links":{"self":[{"href":"https:\/\/noticel.com\/en\/wp-json\/wp\/v2\/posts\/112481","targetHints":{"allow":["GET"]}}],"collection":[{"href":"https:\/\/noticel.com\/en\/wp-json\/wp\/v2\/posts"}],"about":[{"href":"https:\/\/noticel.com\/en\/wp-json\/wp\/v2\/types\/post"}],"replies":[{"embeddable":true,"href":"https:\/\/noticel.com\/en\/wp-json\/wp\/v2\/comments?post=112481"}],"version-history":[{"count":1,"href":"https:\/\/noticel.com\/en\/wp-json\/wp\/v2\/posts\/112481\/revisions"}],"predecessor-version":[{"id":861593,"href":"https:\/\/noticel.com\/en\/wp-json\/wp\/v2\/posts\/112481\/revisions\/861593"}],"wp:featuredmedia":[{"embeddable":true,"href":"https:\/\/noticel.com\/en\/wp-json\/wp\/v2\/media\/861533"}],"wp:attachment":[{"href":"https:\/\/noticel.com\/en\/wp-json\/wp\/v2\/media?parent=112481"}],"wp:term":[{"taxonomy":"category","embeddable":true,"href":"https:\/\/noticel.com\/en\/wp-json\/wp\/v2\/categories?post=112481"},{"taxonomy":"post_tag","embeddable":true,"href":"https:\/\/noticel.com\/en\/wp-json\/wp\/v2\/tags?post=112481"}],"curies":[{"name":"wp","href":"https:\/\/api.w.org\/{rel}","templated":true}]}}