{"id":112465,"date":"2013-03-14T16:21:21","date_gmt":"2013-03-14T20:21:21","guid":{"rendered":"http:\/\/www.noticel.com\/deportes\/20130314\/di-maria-vuelve-a-tocar-el-balon-con-real-madrid\/"},"modified":"2025-08-24T12:35:13","modified_gmt":"2025-08-24T12:35:13","slug":"di-maria-vuelve-a-tocar-el-balon-con-real-madrid","status":"publish","type":"post","link":"https:\/\/noticel.com\/en\/deportes\/20130314\/di-maria-vuelve-a-tocar-el-balon-con-real-madrid\/","title":{"rendered":"Di Mar\u00eda vuelve a tocar el bal\u00f3n con Real Madrid"},"content":{"rendered":"<p>El argentino \u00c1ngel Di Mar\u00eda, centrocampista del Real Madrid, volvi\u00f3 hoy a tocar bal\u00f3n en el segundo entrenamiento de la semana del conjunto blanco y poco a poco va dando pasos para recuperarse de una lesi\u00f3n muscular.<\/p>\n<p>El jugador argentino se lesion\u00f3 en el partido de vuelta de los octavos de final de la Liga de Campeones que jug\u00f3 el cuadro madridista en Old Trafford ante el Manchester United . Sufri\u00f3 una microrotura muscular en el b\u00edceps femoral de la pierna izquierda y todav\u00eda no estar\u00e1 preparado para enfrentarse al Mallorca .<\/p>\n<p>Hoy se ejercit\u00f3 sobre el c\u00e9sped de la Ciudad Deportiva de Valdebebas y, junto a Iker Casillas, que ya toca el bal\u00f3n con las manos, est\u00e1n siendo las mejores noticias para el entrenador portugu\u00e9s Jos\u00e9 Mourinho.<\/p>\n<p>Despu\u00e9s de vivir una semana perfecta, en la que el Real Madrid elimin\u00f3 al Barcelona de la Copa del Rey y le gan\u00f3 en la Liga BBVA, y despu\u00e9s dej\u00f3 fuera de la Liga de Campeones al Manchester United y complet\u00f3 sus siete d\u00edas m\u00e1gicos venciendo al Celta en Bala\u00eddos.<\/p>\n<p>El Mallorca espera el s\u00e1bado con una d\u00e9cada de resultados en contra a sus espaldas. En las \u00faltimas diez temporadas, s\u00f3lo ha conseguido una victoria ante el Real Madrid en el Iberostar Stadi. Fue en la campa\u00f1a 2005\/06, cuando gan\u00f3 2-1 y se llev\u00f3 su \u00fanica alegr\u00eda ante los blancos en toda una d\u00e9cada.<\/p>","protected":false},"excerpt":{"rendered":"<p>El argentino \u00c1ngel Di Mar\u00eda, centrocampista del Real Madrid, volvi\u00f3 hoy a tocar bal\u00f3n en el segundo entrenamiento de la semana del conjunto blanco y poco a poco va dando pasos para recuperarse de una lesi\u00f3n muscular. El jugador argentino se lesion\u00f3 en el partido de vuelta de los octavos de final de la Liga [&hellip;]<\/p>","protected":false},"author":0,"featured_media":904439,"comment_status":"closed","ping_status":"closed","sticky":false,"template":"","format":"standard","meta":{"_acf_changed":false,"_monsterinsights_skip_tracking":false,"ep_exclude_from_search":false,"footnotes":""},"categories":[31],"tags":[],"class_list":["post-112465","post","type-post","status-publish","format-standard","has-post-thumbnail","hentry","category-deportes"],"acf":[],"aioseo_notices":[],"_links":{"self":[{"href":"https:\/\/noticel.com\/en\/wp-json\/wp\/v2\/posts\/112465","targetHints":{"allow":["GET"]}}],"collection":[{"href":"https:\/\/noticel.com\/en\/wp-json\/wp\/v2\/posts"}],"about":[{"href":"https:\/\/noticel.com\/en\/wp-json\/wp\/v2\/types\/post"}],"replies":[{"embeddable":true,"href":"https:\/\/noticel.com\/en\/wp-json\/wp\/v2\/comments?post=112465"}],"version-history":[{"count":1,"href":"https:\/\/noticel.com\/en\/wp-json\/wp\/v2\/posts\/112465\/revisions"}],"predecessor-version":[{"id":904475,"href":"https:\/\/noticel.com\/en\/wp-json\/wp\/v2\/posts\/112465\/revisions\/904475"}],"wp:featuredmedia":[{"embeddable":true,"href":"https:\/\/noticel.com\/en\/wp-json\/wp\/v2\/media\/904439"}],"wp:attachment":[{"href":"https:\/\/noticel.com\/en\/wp-json\/wp\/v2\/media?parent=112465"}],"wp:term":[{"taxonomy":"category","embeddable":true,"href":"https:\/\/noticel.com\/en\/wp-json\/wp\/v2\/categories?post=112465"},{"taxonomy":"post_tag","embeddable":true,"href":"https:\/\/noticel.com\/en\/wp-json\/wp\/v2\/tags?post=112465"}],"curies":[{"name":"wp","href":"https:\/\/api.w.org\/{rel}","templated":true}]}}