{"id":112232,"date":"2016-03-12T00:00:00","date_gmt":"2016-03-12T04:00:00","guid":{"rendered":"http:\/\/www.noticel.com\/mundo\/20160312\/accidente-deja-a-iron-maiden-sin-avion-galeria-2\/"},"modified":"2025-07-25T06:56:15","modified_gmt":"2025-07-25T06:56:15","slug":"accidente-deja-a-iron-maiden-sin-avion-galeria-2","status":"publish","type":"post","link":"https:\/\/noticel.com\/en\/noticias\/mundo\/20160312\/accidente-deja-a-iron-maiden-sin-avion-galeria-2\/","title":{"rendered":"Accidente deja a Iron Maiden sin avi\u00f3n (galer\u00eda)"},"content":{"rendered":"<p><i>Accidente deja a Iron Maiden sin avi\u00f3n (galer\u00eda)<\/i><\/p>","protected":false},"excerpt":{"rendered":"<p>Accidente deja a Iron Maiden sin avi\u00f3n (galer\u00eda)<\/p>","protected":false},"author":0,"featured_media":571480,"comment_status":"closed","ping_status":"closed","sticky":false,"template":"","format":"standard","meta":{"_acf_changed":false,"_monsterinsights_skip_tracking":false,"ep_exclude_from_search":false,"footnotes":""},"categories":[17],"tags":[],"class_list":["post-112232","post","type-post","status-publish","format-standard","has-post-thumbnail","hentry","category-mundo"],"acf":[],"aioseo_notices":[],"_links":{"self":[{"href":"https:\/\/noticel.com\/en\/wp-json\/wp\/v2\/posts\/112232","targetHints":{"allow":["GET"]}}],"collection":[{"href":"https:\/\/noticel.com\/en\/wp-json\/wp\/v2\/posts"}],"about":[{"href":"https:\/\/noticel.com\/en\/wp-json\/wp\/v2\/types\/post"}],"replies":[{"embeddable":true,"href":"https:\/\/noticel.com\/en\/wp-json\/wp\/v2\/comments?post=112232"}],"version-history":[{"count":1,"href":"https:\/\/noticel.com\/en\/wp-json\/wp\/v2\/posts\/112232\/revisions"}],"predecessor-version":[{"id":571683,"href":"https:\/\/noticel.com\/en\/wp-json\/wp\/v2\/posts\/112232\/revisions\/571683"}],"wp:featuredmedia":[{"embeddable":true,"href":"https:\/\/noticel.com\/en\/wp-json\/wp\/v2\/media\/571480"}],"wp:attachment":[{"href":"https:\/\/noticel.com\/en\/wp-json\/wp\/v2\/media?parent=112232"}],"wp:term":[{"taxonomy":"category","embeddable":true,"href":"https:\/\/noticel.com\/en\/wp-json\/wp\/v2\/categories?post=112232"},{"taxonomy":"post_tag","embeddable":true,"href":"https:\/\/noticel.com\/en\/wp-json\/wp\/v2\/tags?post=112232"}],"curies":[{"name":"wp","href":"https:\/\/api.w.org\/{rel}","templated":true}]}}