{"id":111743,"date":"2016-09-21T10:50:00","date_gmt":"2016-09-21T14:50:00","guid":{"rendered":"http:\/\/www.noticel.com\/mundo\/20160921\/amenaza-fuerza-la-evacuacion-de-todas-las-escuelas-de-una-provincia-canad\/"},"modified":"2025-07-26T11:28:13","modified_gmt":"2025-07-26T11:28:13","slug":"amenaza-fuerza-la-evacuacion-de-todas-las-escuelas-de-una-provincia-canad","status":"publish","type":"post","link":"https:\/\/noticel.com\/en\/noticias\/mundo\/20160921\/amenaza-fuerza-la-evacuacion-de-todas-las-escuelas-de-una-provincia-canad\/","title":{"rendered":"&#8216;Amenaza&#8217; fuerza la evacuaci\u00f3n de todas las escuelas de una provincia canad"},"content":{"rendered":"<p>Las autoridades canadienses ordenaron el desalojo de todas las escuelas de la provincia Isla Pr\u00edncipe Eduardo, en el este del pa\u00eds, por una &#8216;potencial amenaza&#8217; no identificada.<\/p><div class=\"notic-content-middle\" id=\"notic-483465389\"><div class=\"notic-adlabel\">Advertisements<\/div><a data-no-instant=\"1\" href=\"https:\/\/www.asegurate-bien.com\/\" rel=\"noopener\" class=\"a2t-link\" target=\"_blank\" aria-label=\"Acodese-Adaptaciones-Noticel-300&#215;600\"><img loading=\"lazy\" decoding=\"async\" src=\"https:\/\/cdn.noticel.com\/2026\/05\/30094652\/Acodese-Adaptaciones-Noticel-300x600-1.jpg\" alt=\"\"  srcset=\"https:\/\/cdn.noticel.com\/2026\/05\/30094652\/Acodese-Adaptaciones-Noticel-300x600-1.jpg 300w, https:\/\/cdn.noticel.com\/2026\/05\/30094652\/Acodese-Adaptaciones-Noticel-300x600-1-150x300.jpg 150w, https:\/\/cdn.noticel.com\/2026\/05\/30094652\/Acodese-Adaptaciones-Noticel-300x600-1-6x12.jpg 6w\" sizes=\"(max-width: 300px) 100vw, 300px\" width=\"300\" height=\"600\"   \/><\/a><\/div>\n<p>La Polic\u00eda Montada de Canad\u00e1 dijo en un comunicado que &#8216;los planes de evacuaci\u00f3n de emergencia de las escuelas han sido activados&#8217;.<\/p>","protected":false},"excerpt":{"rendered":"<p>Las autoridades canadienses ordenaron el desalojo de todas las escuelas de la provincia Isla Pr\u00edncipe Eduardo, en el este del pa\u00eds, por una &#8216;potencial amenaza&#8217; no identificada. La Polic\u00eda Montada de Canad\u00e1 dijo en un comunicado que &#8216;los planes de evacuaci\u00f3n de emergencia de las escuelas han sido activados&#8217;.<\/p>","protected":false},"author":0,"featured_media":582165,"comment_status":"closed","ping_status":"closed","sticky":false,"template":"","format":"standard","meta":{"_acf_changed":false,"_monsterinsights_skip_tracking":false,"ep_exclude_from_search":false,"footnotes":""},"categories":[17],"tags":[],"class_list":["post-111743","post","type-post","status-publish","format-standard","has-post-thumbnail","hentry","category-mundo"],"acf":[],"aioseo_notices":[],"_links":{"self":[{"href":"https:\/\/noticel.com\/en\/wp-json\/wp\/v2\/posts\/111743","targetHints":{"allow":["GET"]}}],"collection":[{"href":"https:\/\/noticel.com\/en\/wp-json\/wp\/v2\/posts"}],"about":[{"href":"https:\/\/noticel.com\/en\/wp-json\/wp\/v2\/types\/post"}],"replies":[{"embeddable":true,"href":"https:\/\/noticel.com\/en\/wp-json\/wp\/v2\/comments?post=111743"}],"version-history":[{"count":1,"href":"https:\/\/noticel.com\/en\/wp-json\/wp\/v2\/posts\/111743\/revisions"}],"predecessor-version":[{"id":582176,"href":"https:\/\/noticel.com\/en\/wp-json\/wp\/v2\/posts\/111743\/revisions\/582176"}],"wp:featuredmedia":[{"embeddable":true,"href":"https:\/\/noticel.com\/en\/wp-json\/wp\/v2\/media\/582165"}],"wp:attachment":[{"href":"https:\/\/noticel.com\/en\/wp-json\/wp\/v2\/media?parent=111743"}],"wp:term":[{"taxonomy":"category","embeddable":true,"href":"https:\/\/noticel.com\/en\/wp-json\/wp\/v2\/categories?post=111743"},{"taxonomy":"post_tag","embeddable":true,"href":"https:\/\/noticel.com\/en\/wp-json\/wp\/v2\/tags?post=111743"}],"curies":[{"name":"wp","href":"https:\/\/api.w.org\/{rel}","templated":true}]}}