{"id":111460,"date":"2011-02-18T11:20:00","date_gmt":"2011-02-18T15:20:00","guid":{"rendered":"http:\/\/www.noticel.com\/vida\/20110218\/se-casa-jacqueline-bracamontes-2\/"},"modified":"2025-08-29T12:48:57","modified_gmt":"2025-08-29T12:48:57","slug":"se-casa-jacqueline-bracamontes-2","status":"publish","type":"post","link":"https:\/\/noticel.com\/en\/vida-y-bienestar\/20110218\/se-casa-jacqueline-bracamontes-2\/","title":{"rendered":"Se casa Jacqueline Bracamontes"},"content":{"rendered":"<p>La actriz y modelo Jacqueline Bracamontes dio a conocer a trav\u00e9s de una entrevista a la publicaci\u00f3n TVNotas, que el pr\u00f3ximo mes de septiembre contraer\u00e1 nupcias con su novio, el empresario Mart\u00edn Fuentes.<\/p>\n<p>La ex Nuestra Belleza M\u00e9xico cont\u00f3 a la revista que la propuesta fue hecha en Whistler, Canad\u00e1, mientras vacacionaban juntos, cuando de pronto, Fuentes coloc\u00f3 el anillo en una escultura de hielo para que Bracamontes lo encontrara y tuviera una grata sorpresa.<\/p>\n<p>&#8216;Amo a Mart\u00edn, me caso y soy la mujer m\u00e1s feliz de este mundo&#8217;, coment\u00f3 Jacky; adem\u00e1s de que personas cercanas a la conductora, aseguran que est\u00e1 feliz de dejar la solter\u00eda, y que no cabe de felicidad por convertirse en esposa, adem\u00e1s de que encontr\u00f3 al hombre de su vida.<\/p>","protected":false},"excerpt":{"rendered":"<p>La actriz y modelo Jacqueline Bracamontes dio a conocer a trav\u00e9s de una entrevista a la publicaci\u00f3n TVNotas, que el pr\u00f3ximo mes de septiembre contraer\u00e1 nupcias con su novio, el empresario Mart\u00edn Fuentes. La ex Nuestra Belleza M\u00e9xico cont\u00f3 a la revista que la propuesta fue hecha en Whistler, Canad\u00e1, mientras vacacionaban juntos, cuando de [&hellip;]<\/p>","protected":false},"author":0,"featured_media":936015,"comment_status":"closed","ping_status":"closed","sticky":false,"template":"","format":"standard","meta":{"_acf_changed":false,"_monsterinsights_skip_tracking":false,"ep_exclude_from_search":false,"footnotes":""},"categories":[69],"tags":[],"class_list":["post-111460","post","type-post","status-publish","format-standard","has-post-thumbnail","hentry","category-vida-y-bienestar"],"acf":[],"aioseo_notices":[],"_links":{"self":[{"href":"https:\/\/noticel.com\/en\/wp-json\/wp\/v2\/posts\/111460","targetHints":{"allow":["GET"]}}],"collection":[{"href":"https:\/\/noticel.com\/en\/wp-json\/wp\/v2\/posts"}],"about":[{"href":"https:\/\/noticel.com\/en\/wp-json\/wp\/v2\/types\/post"}],"replies":[{"embeddable":true,"href":"https:\/\/noticel.com\/en\/wp-json\/wp\/v2\/comments?post=111460"}],"version-history":[{"count":1,"href":"https:\/\/noticel.com\/en\/wp-json\/wp\/v2\/posts\/111460\/revisions"}],"predecessor-version":[{"id":936025,"href":"https:\/\/noticel.com\/en\/wp-json\/wp\/v2\/posts\/111460\/revisions\/936025"}],"wp:featuredmedia":[{"embeddable":true,"href":"https:\/\/noticel.com\/en\/wp-json\/wp\/v2\/media\/936015"}],"wp:attachment":[{"href":"https:\/\/noticel.com\/en\/wp-json\/wp\/v2\/media?parent=111460"}],"wp:term":[{"taxonomy":"category","embeddable":true,"href":"https:\/\/noticel.com\/en\/wp-json\/wp\/v2\/categories?post=111460"},{"taxonomy":"post_tag","embeddable":true,"href":"https:\/\/noticel.com\/en\/wp-json\/wp\/v2\/tags?post=111460"}],"curies":[{"name":"wp","href":"https:\/\/api.w.org\/{rel}","templated":true}]}}