{"id":111368,"date":"2013-12-12T06:23:32","date_gmt":"2013-12-12T10:23:32","guid":{"rendered":"http:\/\/www.noticel.com\/mundo\/20131212\/interprete-del-funeral-de-mandela-dice-que-sufrio-un-episodio-esquizofrenic\/"},"modified":"2025-07-18T09:01:23","modified_gmt":"2025-07-18T09:01:23","slug":"interprete-del-funeral-de-mandela-dice-que-sufrio-un-episodio-esquizofrenic","status":"publish","type":"post","link":"https:\/\/noticel.com\/en\/noticias\/mundo\/20131212\/interprete-del-funeral-de-mandela-dice-que-sufrio-un-episodio-esquizofrenic\/","title":{"rendered":"Int\u00e9rprete del funeral de Mandela dice que sufri\u00f3 un episodio esquizofr\u00e9nic"},"content":{"rendered":"<p>El interprete de lenguaje de signos que tradujo las intervenciones de los jefes de Estado durante el servicio religioso de Nelson Mandela, al que la Federaci\u00f3n de Sordos de Sud\u00e1frica acus\u00f3 de ser &#8216;falso&#8217;, aleg\u00f3 hoy que sufri\u00f3 un episodio esquizofrenico que le distrajo en el acto.<\/p>\n<p>En declaraciones que publica hoy el diario local &#8216;The Star&#8217;, Thamsanqa Jantjie, de 34 a\u00f1os, se\u00f1al\u00f3 que, de repente, empez\u00f3 a escuchar voces en su mente y a tener alucinaciones, lo que le hizo perder la concentraci\u00f3n el pasado martes en el estrado del estadio FNB de Johannesburgo, abarrotado por miles de personas.<\/p>\n<p>De esa manera, Jantjie admiti\u00f3 que sus gestos no ten\u00edan ya ning\u00fan sentido.<\/p>\n<p>&#8216;No pod\u00eda hacer nada. Estaba solo en una situaci\u00f3n muy peligrosa. Intent\u00e9 controlarme y no mostrar al mundo lo que pasaba. Lo siento mucho&#8217;, afirm\u00f3 el int\u00e9rprete.<\/p>\n<p>&#8216;La vida -lament\u00f3- es injusta. Esta enfermedad es injusta. Quien no entienda esta enfermedad pensar\u00e1 que me lo estoy inventando&#8217;.<\/p>\n<p>Su empresa, SA Interpreters, comunic\u00f3 a Jantjie el pasado lunes, un d\u00eda antes de la ceremonia religiosa, que har\u00eda labores de traducci\u00f3n en el hist\u00f3rico evento, una responsabilidad que enorgulleci\u00f3 al joven.<\/p>\n<p>La empresa iba a pagarle 850 rands (unos 60 euros) por esa jornada de trabajo.<\/p>\n<p>Seg\u00fan el diario sudafricano, el Gobierno se ha puesto en contacto con Jantjie a fin de preguntarle qui\u00e9n le recomend\u00f3 para ese cometido e investigar el asunto.<\/p><div class=\"notic-content-middle\" id=\"notic-89557590\"><div class=\"notic-adlabel\">Advertisements<\/div><a data-no-instant=\"1\" href=\"https:\/\/qrco.de\/bgxd5v\" rel=\"noopener\" class=\"a2t-link\" target=\"_blank\" aria-label=\"300X600-SEBUSCA\"><img loading=\"lazy\" decoding=\"async\" src=\"https:\/\/cdn.noticel.com\/2026\/09\/02194007\/300X600-SEBUSCA.jpg\" alt=\"\"  srcset=\"https:\/\/cdn.noticel.com\/2026\/09\/02194007\/300X600-SEBUSCA.jpg 300w, https:\/\/cdn.noticel.com\/2026\/09\/02194007\/300X600-SEBUSCA-150x300.jpg 150w, https:\/\/cdn.noticel.com\/2026\/09\/02194007\/300X600-SEBUSCA-6x12.jpg 6w\" sizes=\"(max-width: 300px) 100vw, 300px\" width=\"300\" height=\"600\"   \/><\/a><\/div>\n<p>La Federaci\u00f3n de Sordos de Sud\u00e1frica denunci\u00f3 ayer que el int\u00e9rprete era &#8216;falso&#8217;.<\/p>\n<p>Al parecer, los signos que utiliz\u00f3 no ten\u00edan sentido alguno, y tampoco emple\u00f3 ning\u00fan gesto facial, t\u00e9cnica que usan los int\u00e9rpretes para transmitir las emociones.<\/p>\n<p>&#8216;Fue un fraude total y absoluto&#8217;, asegur\u00f3 la directora de la Escuela de Educaci\u00f3n del Lenguaje de signos de Ciudad del Cabo, Cara Loening, en declaraciones a la agencia de noticias sudafricana Sapa.<\/p>\n<p>&#8216;Sus movimientos no ten\u00edan nada que ver con el lenguaje de signos, s\u00f3lo estaba agitando sus manos&#8217;, agreg\u00f3 Loening, quien considera que fue una &#8216;burla&#8217; hacia la memoria de Mandela y para todos los que asistieron y vieron el acto a trav\u00e9s de televisi\u00f3n.<\/p>\n<p>La alarma salt\u00f3 durante el propio oficio religioso, cuando comenzaron a publicarse mensajes al respecto en las redes sociales.<\/p>\n<p>&#8216;Por favor, puede alguien pedir al int\u00e9rprete que abandone el escenario? Es vergonzoso&#8217;, dec\u00eda uno de ellos.<\/p>\n<p>&#8216;Es un evento que todo el mundo est\u00e1 mirando, pero las personas sordas no pueden entender ni una sola palabra de lo que se est\u00e1 diciendo&#8217;, a\u00f1ad\u00eda otro mensaje, seg\u00fan el diario &#8216;Mail &lt;&gt;&amp; Guardian&#8217;.\/p<\/p>","protected":false},"excerpt":{"rendered":"<p>El interprete de lenguaje de signos que tradujo las intervenciones de los jefes de Estado durante el servicio religioso de Nelson Mandela, al que la Federaci\u00f3n de Sordos de Sud\u00e1frica acus\u00f3 de ser &#8216;falso&#8217;, aleg\u00f3 hoy que sufri\u00f3 un episodio esquizofrenico que le distrajo en el acto. En declaraciones que publica hoy el diario local [&hellip;]<\/p>","protected":false},"author":0,"featured_media":503393,"comment_status":"closed","ping_status":"closed","sticky":false,"template":"","format":"standard","meta":{"_acf_changed":false,"_monsterinsights_skip_tracking":false,"ep_exclude_from_search":false,"footnotes":""},"categories":[17],"tags":[],"class_list":["post-111368","post","type-post","status-publish","format-standard","has-post-thumbnail","hentry","category-mundo"],"acf":[],"aioseo_notices":[],"_links":{"self":[{"href":"https:\/\/noticel.com\/en\/wp-json\/wp\/v2\/posts\/111368","targetHints":{"allow":["GET"]}}],"collection":[{"href":"https:\/\/noticel.com\/en\/wp-json\/wp\/v2\/posts"}],"about":[{"href":"https:\/\/noticel.com\/en\/wp-json\/wp\/v2\/types\/post"}],"replies":[{"embeddable":true,"href":"https:\/\/noticel.com\/en\/wp-json\/wp\/v2\/comments?post=111368"}],"version-history":[{"count":1,"href":"https:\/\/noticel.com\/en\/wp-json\/wp\/v2\/posts\/111368\/revisions"}],"predecessor-version":[{"id":503398,"href":"https:\/\/noticel.com\/en\/wp-json\/wp\/v2\/posts\/111368\/revisions\/503398"}],"wp:featuredmedia":[{"embeddable":true,"href":"https:\/\/noticel.com\/en\/wp-json\/wp\/v2\/media\/503393"}],"wp:attachment":[{"href":"https:\/\/noticel.com\/en\/wp-json\/wp\/v2\/media?parent=111368"}],"wp:term":[{"taxonomy":"category","embeddable":true,"href":"https:\/\/noticel.com\/en\/wp-json\/wp\/v2\/categories?post=111368"},{"taxonomy":"post_tag","embeddable":true,"href":"https:\/\/noticel.com\/en\/wp-json\/wp\/v2\/tags?post=111368"}],"curies":[{"name":"wp","href":"https:\/\/api.w.org\/{rel}","templated":true}]}}