{"id":111108,"date":"2014-07-29T10:15:56","date_gmt":"2014-07-29T14:15:56","guid":{"rendered":"http:\/\/www.noticel.com\/mundo\/20140729\/hamas-y-yihad-islamica-aceptan-un-alto-fuego-de-hasta-72-horas\/"},"modified":"2025-08-19T09:46:56","modified_gmt":"2025-08-19T09:46:56","slug":"hamas-y-yihad-islamica-aceptan-un-alto-fuego-de-hasta-72-horas","status":"publish","type":"post","link":"https:\/\/noticel.com\/en\/noticias\/mundo\/20140729\/hamas-y-yihad-islamica-aceptan-un-alto-fuego-de-hasta-72-horas\/","title":{"rendered":"Ham\u00e1s y Yihad Isl\u00e1mica aceptan un alto fuego de hasta 72 horas"},"content":{"rendered":"<p>El movimiento islamista Ham\u00e1s y la Yihad Isl\u00e1mica han aceptado una propuesta para un alto el fuego de 24 horas en Gaza prorrogable a otras 48, dijo hoy en una rueda de prensa en Ramala el secretario general del Comite Ejecutivo de la OLP, Yaser Abed Rabo.<\/p><div class=\"notic-content-middle\" id=\"notic-1807780284\"><div class=\"notic-adlabel\">Advertisements<\/div><a data-no-instant=\"1\" href=\"https:\/\/www.asegurate-bien.com\/\" rel=\"noopener\" class=\"a2t-link\" target=\"_blank\" aria-label=\"Acodese-Adaptaciones-Noticel-728&#215;90\"><img loading=\"lazy\" decoding=\"async\" src=\"https:\/\/cdn.noticel.com\/2026\/07\/30095222\/Acodese-Adaptaciones-Noticel-728x90-1.jpg\" alt=\"\"  srcset=\"https:\/\/cdn.noticel.com\/2026\/07\/30095222\/Acodese-Adaptaciones-Noticel-728x90-1.jpg 728w, https:\/\/cdn.noticel.com\/2026\/07\/30095222\/Acodese-Adaptaciones-Noticel-728x90-1-300x37.jpg 300w, https:\/\/cdn.noticel.com\/2026\/07\/30095222\/Acodese-Adaptaciones-Noticel-728x90-1-18x2.jpg 18w\" sizes=\"(max-width: 728px) 100vw, 728px\" width=\"728\" height=\"90\"   \/><\/a><\/div>\n<p>Pendientes a NotiCel para m\u00e1s detalles.<\/p>","protected":false},"excerpt":{"rendered":"<p>El movimiento islamista Ham\u00e1s y la Yihad Isl\u00e1mica han aceptado una propuesta para un alto el fuego de 24 horas en Gaza prorrogable a otras 48, dijo hoy en una rueda de prensa en Ramala el secretario general del Comite Ejecutivo de la OLP, Yaser Abed Rabo. Pendientes a NotiCel para m\u00e1s detalles.<\/p>","protected":false},"author":0,"featured_media":871705,"comment_status":"closed","ping_status":"closed","sticky":false,"template":"","format":"standard","meta":{"_acf_changed":false,"_monsterinsights_skip_tracking":false,"ep_exclude_from_search":false,"footnotes":""},"categories":[17],"tags":[],"class_list":["post-111108","post","type-post","status-publish","format-standard","has-post-thumbnail","hentry","category-mundo"],"acf":[],"aioseo_notices":[],"_links":{"self":[{"href":"https:\/\/noticel.com\/en\/wp-json\/wp\/v2\/posts\/111108","targetHints":{"allow":["GET"]}}],"collection":[{"href":"https:\/\/noticel.com\/en\/wp-json\/wp\/v2\/posts"}],"about":[{"href":"https:\/\/noticel.com\/en\/wp-json\/wp\/v2\/types\/post"}],"replies":[{"embeddable":true,"href":"https:\/\/noticel.com\/en\/wp-json\/wp\/v2\/comments?post=111108"}],"version-history":[{"count":1,"href":"https:\/\/noticel.com\/en\/wp-json\/wp\/v2\/posts\/111108\/revisions"}],"predecessor-version":[{"id":871719,"href":"https:\/\/noticel.com\/en\/wp-json\/wp\/v2\/posts\/111108\/revisions\/871719"}],"wp:featuredmedia":[{"embeddable":true,"href":"https:\/\/noticel.com\/en\/wp-json\/wp\/v2\/media\/871705"}],"wp:attachment":[{"href":"https:\/\/noticel.com\/en\/wp-json\/wp\/v2\/media?parent=111108"}],"wp:term":[{"taxonomy":"category","embeddable":true,"href":"https:\/\/noticel.com\/en\/wp-json\/wp\/v2\/categories?post=111108"},{"taxonomy":"post_tag","embeddable":true,"href":"https:\/\/noticel.com\/en\/wp-json\/wp\/v2\/tags?post=111108"}],"curies":[{"name":"wp","href":"https:\/\/api.w.org\/{rel}","templated":true}]}}