{"id":110693,"date":"2011-05-31T07:28:00","date_gmt":"2011-05-31T11:28:00","guid":{"rendered":"http:\/\/www.noticel.com\/mundo\/20110531\/afganistan-hace-advertencia-a-la-otan\/"},"modified":"2025-08-29T19:01:39","modified_gmt":"2025-08-29T19:01:39","slug":"afganistan-hace-advertencia-a-la-otan","status":"publish","type":"post","link":"https:\/\/noticel.com\/en\/noticias\/mundo\/20110531\/afganistan-hace-advertencia-a-la-otan\/","title":{"rendered":"Afganist\u00e1n hace advertencia a la OTAN"},"content":{"rendered":"<p>El presidente afgano Hamid Karzai intensific\u00f3 sus advertencias a la Organizaci\u00f3n del Tratado del Atl\u00e1ntico Norte (OTAN) sobre los ataques a\u00e9reos que provocan la muerte a civiles afganos.<\/p>\n<p>Karzai dijo que la OTAN podr\u00eda ser vista como una fuerza de ocupaci\u00f3n si no deja de atacar a hogares afganos, publica BBC Mundo.<\/p>\n<p>Un corresponsal de la BBC en Kabul indic\u00f3 que la \u00faltima intervenci\u00f3n de Karzai sugiere se est\u00e1 produciendo una ruptura grave entre las fuerzas de la coalici\u00f3n y el presidente afgano.<\/p><div class=\"notic-content-middle\" id=\"notic-1442833418\"><div class=\"notic-adlabel\">Advertisements<\/div><a data-no-instant=\"1\" href=\"https:\/\/qrco.de\/bgxd5v\" rel=\"noopener\" class=\"a2t-link\" target=\"_blank\" aria-label=\"DisplayAd-728&#215;903\"><img loading=\"lazy\" decoding=\"async\" src=\"https:\/\/cdn.noticel.com\/2026\/09\/02195509\/DisplayAd-728x903-1.jpg\" alt=\"\"  srcset=\"https:\/\/cdn.noticel.com\/2026\/09\/02195509\/DisplayAd-728x903-1.jpg 728w, https:\/\/cdn.noticel.com\/2026\/09\/02195509\/DisplayAd-728x903-1-300x37.jpg 300w, https:\/\/cdn.noticel.com\/2026\/09\/02195509\/DisplayAd-728x903-1-18x2.jpg 18w\" sizes=\"(max-width: 728px) 100vw, 728px\" width=\"728\" height=\"90\"   \/><\/a><\/div>\n<p>El domingo, Karzai conden\u00f3 en\u00e9rgicamente el asesinato de al menos nueve civiles en un ataque a\u00e9reo.<\/p>\n<p>La OTAN se ha disculpado por el incidente, pero sostuvo que los ataques a\u00e9reos son a menudo una necesidad t\u00e1ctica urgente.<\/p>","protected":false},"excerpt":{"rendered":"<p>El presidente afgano Hamid Karzai intensific\u00f3 sus advertencias a la Organizaci\u00f3n del Tratado del Atl\u00e1ntico Norte (OTAN) sobre los ataques a\u00e9reos que provocan la muerte a civiles afganos. Karzai dijo que la OTAN podr\u00eda ser vista como una fuerza de ocupaci\u00f3n si no deja de atacar a hogares afganos, publica BBC Mundo. Un corresponsal de [&hellip;]<\/p>","protected":false},"author":0,"featured_media":939513,"comment_status":"closed","ping_status":"closed","sticky":false,"template":"","format":"standard","meta":{"_acf_changed":false,"_monsterinsights_skip_tracking":false,"ep_exclude_from_search":false,"footnotes":""},"categories":[17],"tags":[],"class_list":["post-110693","post","type-post","status-publish","format-standard","has-post-thumbnail","hentry","category-mundo"],"acf":[],"aioseo_notices":[],"_links":{"self":[{"href":"https:\/\/noticel.com\/en\/wp-json\/wp\/v2\/posts\/110693","targetHints":{"allow":["GET"]}}],"collection":[{"href":"https:\/\/noticel.com\/en\/wp-json\/wp\/v2\/posts"}],"about":[{"href":"https:\/\/noticel.com\/en\/wp-json\/wp\/v2\/types\/post"}],"replies":[{"embeddable":true,"href":"https:\/\/noticel.com\/en\/wp-json\/wp\/v2\/comments?post=110693"}],"version-history":[{"count":1,"href":"https:\/\/noticel.com\/en\/wp-json\/wp\/v2\/posts\/110693\/revisions"}],"predecessor-version":[{"id":939519,"href":"https:\/\/noticel.com\/en\/wp-json\/wp\/v2\/posts\/110693\/revisions\/939519"}],"wp:featuredmedia":[{"embeddable":true,"href":"https:\/\/noticel.com\/en\/wp-json\/wp\/v2\/media\/939513"}],"wp:attachment":[{"href":"https:\/\/noticel.com\/en\/wp-json\/wp\/v2\/media?parent=110693"}],"wp:term":[{"taxonomy":"category","embeddable":true,"href":"https:\/\/noticel.com\/en\/wp-json\/wp\/v2\/categories?post=110693"},{"taxonomy":"post_tag","embeddable":true,"href":"https:\/\/noticel.com\/en\/wp-json\/wp\/v2\/tags?post=110693"}],"curies":[{"name":"wp","href":"https:\/\/api.w.org\/{rel}","templated":true}]}}