{"id":110630,"date":"2015-07-30T10:32:00","date_gmt":"2015-07-30T14:32:00","guid":{"rendered":"http:\/\/www.noticel.com\/mundo\/20150730\/la-amistad-tiende-puentes-entre-las-personas-y-puede-fomentar-la-paz\/"},"modified":"2025-07-23T14:50:52","modified_gmt":"2025-07-23T14:50:52","slug":"la-amistad-tiende-puentes-entre-las-personas-y-puede-fomentar-la-paz","status":"publish","type":"post","link":"https:\/\/noticel.com\/en\/noticias\/mundo\/20150730\/la-amistad-tiende-puentes-entre-las-personas-y-puede-fomentar-la-paz\/","title":{"rendered":"La amistad tiende puentes entre las personas y puede fomentar la paz"},"content":{"rendered":"<p>El Secretario General de la ONU inst\u00f3 a fortalecer los lazos entre las personas y a promover un mayor respeto y entendimiento, en un mensaje por el D\u00eda Internacional de la Amistad, este 30 de julio.<\/p>\n<p>La amistad tiende puentes entre las personas y tambi\u00e9n puede fomentar la paz, indic\u00f3 Ban Ki-moon y consider\u00f3 esos valores fundamentales para hacer frente a la discriminaci\u00f3n, la maldad y la crueldad que impulsan los conflictos y atrocidades que afectan a millones de personas en el mundo.<\/p>\n<p>El Secretario General llam\u00f3 a contrarrestar esas tendencias.<\/p>\n<p>El D\u00eda Internacional de la Amistad fue promovido por el gobierno de Paraguay ante la propuesta del m\u00e9dico paraguayo Ram\u00f3n Bracho, quien en 1958 fund\u00f3 una cruzada de la amistad en su pa\u00eds.<\/p>\n<p>La iniciativa inclu\u00eda, en la \u00faltima semana de julio, visitas a c\u00e1rceles, hospitales, y centros educativos, con el objetivo de promover la reconciliaci\u00f3n entre personas distanciadas.<\/p>\n<p>Puedes escuchar el reportaje en Radio ONU<\/p>","protected":false},"excerpt":{"rendered":"<p>El Secretario General de la ONU inst\u00f3 a fortalecer los lazos entre las personas y a promover un mayor respeto y entendimiento, en un mensaje por el D\u00eda Internacional de la Amistad, este 30 de julio. La amistad tiende puentes entre las personas y tambi\u00e9n puede fomentar la paz, indic\u00f3 Ban Ki-moon y consider\u00f3 esos [&hellip;]<\/p>","protected":false},"author":0,"featured_media":0,"comment_status":"closed","ping_status":"closed","sticky":false,"template":"","format":"standard","meta":{"_acf_changed":false,"_monsterinsights_skip_tracking":false,"ep_exclude_from_search":false,"footnotes":""},"categories":[17],"tags":[],"class_list":["post-110630","post","type-post","status-publish","format-standard","hentry","category-mundo"],"acf":[],"aioseo_notices":[],"_links":{"self":[{"href":"https:\/\/noticel.com\/en\/wp-json\/wp\/v2\/posts\/110630","targetHints":{"allow":["GET"]}}],"collection":[{"href":"https:\/\/noticel.com\/en\/wp-json\/wp\/v2\/posts"}],"about":[{"href":"https:\/\/noticel.com\/en\/wp-json\/wp\/v2\/types\/post"}],"replies":[{"embeddable":true,"href":"https:\/\/noticel.com\/en\/wp-json\/wp\/v2\/comments?post=110630"}],"version-history":[{"count":1,"href":"https:\/\/noticel.com\/en\/wp-json\/wp\/v2\/posts\/110630\/revisions"}],"predecessor-version":[{"id":563326,"href":"https:\/\/noticel.com\/en\/wp-json\/wp\/v2\/posts\/110630\/revisions\/563326"}],"wp:attachment":[{"href":"https:\/\/noticel.com\/en\/wp-json\/wp\/v2\/media?parent=110630"}],"wp:term":[{"taxonomy":"category","embeddable":true,"href":"https:\/\/noticel.com\/en\/wp-json\/wp\/v2\/categories?post=110630"},{"taxonomy":"post_tag","embeddable":true,"href":"https:\/\/noticel.com\/en\/wp-json\/wp\/v2\/tags?post=110630"}],"curies":[{"name":"wp","href":"https:\/\/api.w.org\/{rel}","templated":true}]}}