{"id":110341,"date":"2015-04-14T12:19:16","date_gmt":"2015-04-14T16:19:16","guid":{"rendered":"http:\/\/www.noticel.com\/mundo\/20150414\/defienden-cambiar-las-dietas-para-adaptarse-al-cambio-climatico\/"},"modified":"2025-08-17T04:44:32","modified_gmt":"2025-08-17T04:44:32","slug":"defienden-cambiar-las-dietas-para-adaptarse-al-cambio-climatico","status":"publish","type":"post","link":"https:\/\/noticel.com\/en\/noticias\/mundo\/20150414\/defienden-cambiar-las-dietas-para-adaptarse-al-cambio-climatico\/","title":{"rendered":"Defienden cambiar las dietas para adaptarse al cambio clim\u00e1tico"},"content":{"rendered":"<p>Un cambio en el tipo de dieta puede suponer una forma sostenible de adaptarse a las nuevas condiciones del clima e incluso puede contribuir a mitigar el calentamiento global, seg\u00fan la experta espa\u00f1ola Cristina Tirado.<\/p>\n<p>Existen una serie de recomendaciones destinadas a los pa\u00edses industrializados en los que se come mucha carne para que se ingiera menos ese alimento y se lo sustituya por m\u00e1s frutas, verduras y legumbres, explic\u00f3 Tirado a Efe.<\/p>\n<p>Lo hizo tras analizar la sensible adaptaci\u00f3n de la nutrici\u00f3n al clima en una conferencia en la sede de la Organizaci\u00f3n de la ONU para la Alimentaci\u00f3n y la Agricultura (FAO), en Roma.<\/p>\n<p>Adem\u00e1s de mejorar la salud de los ciudadanos, esta profesora de la Universidad de California record\u00f3 que esas medidas pueden tener un impacto en la sostenibilidad del medio ambiente.<\/p>\n<p>Cit\u00f3 un estudio publicado en la revista &#8216;Nature&#8217; el a\u00f1o pasado en el que se estima que la emisi\u00f3n de gases de efecto invernadero per c\u00e1pita se reducir\u00eda si se siguieran dietas &#8216;m\u00e1s alternativas&#8217; en comparaci\u00f3n con las omn\u00edvoras tradicionales.<\/p>\n<p>De esta manera, las emisiones disminuir\u00edan un 30 % con una dieta mediterr\u00e1nea, un 45 % con una dieta que excluya la carne pero no el pescado, y un 50 % con una dieta vegetariana.<\/p><div class=\"notic-content-middle\" id=\"notic-3073601248\"><div class=\"notic-adlabel\">Advertisements<\/div><a data-no-instant=\"1\" href=\"https:\/\/qrco.de\/bgxd5v\" rel=\"noopener\" class=\"a2t-link\" target=\"_blank\" aria-label=\"DisplayAds-970&#215;2503\"><img loading=\"lazy\" decoding=\"async\" src=\"https:\/\/cdn.noticel.com\/2026\/09\/02201056\/DisplayAds-970x2503-1.jpg\" alt=\"\"  srcset=\"https:\/\/cdn.noticel.com\/2026\/09\/02201056\/DisplayAds-970x2503-1.jpg 970w, https:\/\/cdn.noticel.com\/2026\/09\/02201056\/DisplayAds-970x2503-1-300x77.jpg 300w, https:\/\/cdn.noticel.com\/2026\/09\/02201056\/DisplayAds-970x2503-1-768x198.jpg 768w, https:\/\/cdn.noticel.com\/2026\/09\/02201056\/DisplayAds-970x2503-1-18x5.jpg 18w\" sizes=\"(max-width: 970px) 100vw, 970px\" width=\"970\" height=\"250\"   \/><\/a><\/div>\n<p>Esas sugerencias no tienen, en cambio, cabida en los pa\u00edses en desarrollo, donde &#8216;solo se habla de dietas sostenibles&#8217; y alimentos sanos, asegur\u00f3 Tirado.<\/p>\n<p>La especialista en salud p\u00fablica advirti\u00f3 de que &#8216;los pa\u00edses que no tienen nada comen lo que pueden&#8217; y puso el ejemplo de comunidades de El Salvador donde durante mucho tiempo se han alimentado apenas de arroz, patatas y caf\u00e9.<\/p>\n<p>En esos lugares, afirm\u00f3, hace falta promover la seguridad alimentaria a trav\u00e9s de una agricultura familiar sostenible, de la producci\u00f3n de frutas y verduras, de la mejora del medio ambiente en la zona y de la recuperaci\u00f3n de la biodiversidad que hab\u00edan perdido, entre otros asuntos.<\/p>\n<p>A nivel general, Tirado, que tambi\u00e9n es asesora de la Organizaci\u00f3n Panamericana de la Salud, tambi\u00e9n resalt\u00f3 aspectos como la necesidad de extender los servicios agr\u00edcolas para promover la seguridad alimentaria y de educar sobre los sistemas locales de producci\u00f3n de alimentos respetando la biodiversidad y las semillas aut\u00f3ctonas.<\/p>\n<p>Asimismo, destac\u00f3 la importancia de emplear indicadores nutricionales como uno nuevo global que analiza la &#8216;diversidad diet\u00e9tica m\u00ednima&#8217; de las mujeres y que consiste en evaluar el porcentaje de f\u00e9minas que comen cinco alimentos de un grupo de diez.<\/p>\n<p>Seg\u00fan la profesora, este es un &#8216;indicador de oro&#8217; que podr\u00eda ayudar enormemente a lograr los recursos nutricionales adecuados y debe ser discutido por la comunidad cient\u00edfica e internacional en un momento en el que tambi\u00e9n se est\u00e1 debatiendo cu\u00e1les ser\u00e1n los Objetivos de Desarrollo Sostenible de la ONU a partir de 2015.<\/p>","protected":false},"excerpt":{"rendered":"<p>Un cambio en el tipo de dieta puede suponer una forma sostenible de adaptarse a las nuevas condiciones del clima e incluso puede contribuir a mitigar el calentamiento global, seg\u00fan la experta espa\u00f1ola Cristina Tirado. Existen una serie de recomendaciones destinadas a los pa\u00edses industrializados en los que se come mucha carne para que se [&hellip;]<\/p>","protected":false},"author":0,"featured_media":0,"comment_status":"closed","ping_status":"closed","sticky":false,"template":"","format":"standard","meta":{"_acf_changed":false,"_monsterinsights_skip_tracking":false,"ep_exclude_from_search":false,"footnotes":""},"categories":[17],"tags":[],"class_list":["post-110341","post","type-post","status-publish","format-standard","hentry","category-mundo"],"acf":[],"aioseo_notices":[],"_links":{"self":[{"href":"https:\/\/noticel.com\/en\/wp-json\/wp\/v2\/posts\/110341","targetHints":{"allow":["GET"]}}],"collection":[{"href":"https:\/\/noticel.com\/en\/wp-json\/wp\/v2\/posts"}],"about":[{"href":"https:\/\/noticel.com\/en\/wp-json\/wp\/v2\/types\/post"}],"replies":[{"embeddable":true,"href":"https:\/\/noticel.com\/en\/wp-json\/wp\/v2\/comments?post=110341"}],"version-history":[{"count":1,"href":"https:\/\/noticel.com\/en\/wp-json\/wp\/v2\/posts\/110341\/revisions"}],"predecessor-version":[{"id":854424,"href":"https:\/\/noticel.com\/en\/wp-json\/wp\/v2\/posts\/110341\/revisions\/854424"}],"wp:attachment":[{"href":"https:\/\/noticel.com\/en\/wp-json\/wp\/v2\/media?parent=110341"}],"wp:term":[{"taxonomy":"category","embeddable":true,"href":"https:\/\/noticel.com\/en\/wp-json\/wp\/v2\/categories?post=110341"},{"taxonomy":"post_tag","embeddable":true,"href":"https:\/\/noticel.com\/en\/wp-json\/wp\/v2\/tags?post=110341"}],"curies":[{"name":"wp","href":"https:\/\/api.w.org\/{rel}","templated":true}]}}