{"id":10824,"date":"2018-09-10T00:00:00","date_gmt":"2018-09-10T04:00:00","guid":{"rendered":"http:\/\/www.noticel.com\/ahora\/gobierno\/legislatura\/top-stories\/20180910\/senado-pide-la-cancelacion-del-contrato-de-autoexpreso\/"},"modified":"2025-07-25T23:00:02","modified_gmt":"2025-07-25T23:00:02","slug":"senado-pide-la-cancelacion-del-contrato-de-autoexpreso","status":"publish","type":"post","link":"https:\/\/noticel.com\/en\/ultima-hora\/20180910\/senado-pide-la-cancelacion-del-contrato-de-autoexpreso\/","title":{"rendered":"Senado pide la cancelaci\u00f3n del contrato de AutoExpreso"},"content":{"rendered":"<p><i>Aprob\u00f3 resoluci\u00f3n para ello<\/i><\/p>\n<p>El Senado solicit\u00f3 hoy al gobernador de Puerto Rico, Ricardo Rossell\u00f3 y al Secretario del Departamento de Transportaci\u00f3n y Obras P\u00fablicas (DTOP) Carlos Contreras la &#8216;cancelaci\u00f3n inmediata&#8217; del contrato con Gila, LLC, entidad que opera el sistema de cobro de peajes en Puerto Rico.<\/p>\n<p>La solicitud fue aprobada por unanimidad mediante la <b>Resoluci\u00f3n del Senado 857<\/b> de la autor\u00eda del Presidente del Senado Thomas Rivera Schatz.<\/p>\n<p>&#8216;Yo espero que se le cancele el contrato a esta empresa de una vez y por todas y que se ubique a una empresa que tenga la talla moral y la capacidad operativa para darle un servicio de excelencia a los usuarios de Auto Expreso,&#8217; apunt\u00f3 el Presidente. Seg\u00fan se desprende de la medida, el contrato de Gila LLC vence el 1 de julio de 2019.<\/p>\n<p>Gila LLC lleva m\u00e1s de 3 a\u00f1os operando en la Isla donde &#8216;las metas trazadas no se han logrado&#8217;, refiere la pieza legislativa. Evidencia de ello son las constantes quejas que se reciben, las m\u00faltiples denuncias que se han realizado por el cobro indebido de peajes, as\u00ed como la expedici\u00f3n de multas ilegales. El pasado 1 de julio el Secretario del DTOP emplaz\u00f3 a Gila LLC para que atendiera m\u00faltiples reclamos de los ciudadanos y se le otorg\u00f3 un plazo de 48 horas para resolver los problemas. Sin embargo, a pesar de haber transcurrido m\u00e1s de dos meses de dicho emplazamiento, las quejas no han disminuido.<\/p>\n<p>De esta forma, el Presidente del Senado puso en perspectiva que los planteamientos sobre la aprobaci\u00f3n de esta pieza y la del <b>Proyecto de la C\u00e1mara 1724<\/b>, el cual enmendar\u00e1 la ley de Tr\u00e1nsito de Puerto Rico para establecer en $15 el pago por concepto de multa administrativa por no pagar el importe del peaje de Auto Expreso, est\u00e1n basados en una autocr\u00edtica al Gobierno.<\/p>\n<p>Sobre esto, dijo algunos &#8216;se irritan&#8217; pero asegur\u00f3 que &#8216;vinimos aqu\u00ed a trabajar bien, a cumplir y el que lo haga mal hay que denunciarlo&#8217;. Sin embargo, mencion\u00f3 que para el lo cardinal de esta situaci\u00f3n no es que suba o baje la multa sino &#8216;que no se le imponga una multa viciosa a un ciudadano&#8217;.<\/p><div class=\"notic-content-middle\" id=\"notic-1738751867\"><div class=\"notic-adlabel\">Advertisements<\/div><a data-no-instant=\"1\" href=\"https:\/\/www.asegurate-bien.com\/\" rel=\"noopener\" class=\"a2t-link\" target=\"_blank\" aria-label=\"Acodese-Adaptaciones-Noticel-970&#215;250\"><img loading=\"lazy\" decoding=\"async\" src=\"https:\/\/cdn.noticel.com\/2026\/05\/30100504\/Acodese-Adaptaciones-Noticel-970x250-1.jpg\" alt=\"\"  srcset=\"https:\/\/cdn.noticel.com\/2026\/05\/30100504\/Acodese-Adaptaciones-Noticel-970x250-1.jpg 970w, https:\/\/cdn.noticel.com\/2026\/05\/30100504\/Acodese-Adaptaciones-Noticel-970x250-1-300x77.jpg 300w, https:\/\/cdn.noticel.com\/2026\/05\/30100504\/Acodese-Adaptaciones-Noticel-970x250-1-768x198.jpg 768w, https:\/\/cdn.noticel.com\/2026\/05\/30100504\/Acodese-Adaptaciones-Noticel-970x250-1-18x5.jpg 18w\" sizes=\"(max-width: 970px) 100vw, 970px\" width=\"970\" height=\"250\"   \/><\/a><\/div>\n<p>&#8216;El Departamento de Justicia ha sido irresponsable con esto, como tambien lo ha sido el secretario del DTOP que en julio le daba 48 horas a GILA para que resolviera el problema. Luego de eso, el n\u00famero de usuarios de Auto Expreso que ha sido v\u00edctima de esa empresa, contratada bajo el gobierno del Partido Popular Democr\u00e1tico, ha crecido. Entonces habiendo tantos reclamos de tantos ciudadanos que leg\u00edtimamente han demostrado en los medios de comunicaci\u00f3n lo que ha sido un abuso, que los han multado viciosamente y que ha sido un robo, hay gente que arrastra los pies. Y eso es lo que ha ocurrido con la Secretaria de Justicia, Wanda V\u00e1zquez. Yo quisiera estar tranquilo sobre este asunto. Escuche a la se\u00f1ora Secretaria de Justicia decir que lo va a investigar. Resulta que varios meses despues, cientos de miles en multas, interminables filas por fin un referido que hizo el senador Miguel Laureano en mayo y ahora Dios ha tocado el Departamento de Justicia y ahora la se\u00f1ora Secretaria de Justicia dijo que va a investigar&#8217;, denunci\u00f3 Rivera Schatz.<\/p>\n<p>Sobre el Proyecto de la C\u00e1mara 1724, el senador por el Distrito de Humacao Miguel Laureano dijo que anteriormente el hab\u00eda radicado el Proyecto del Senado 642, que propon\u00eda establecer lo mismo, bajar la multa de Auto Expreso de $50 a $15 pero de forma retroactiva. Sin embargo, &#8216;la Junta de Control Fiscal se opuso a estas y se rechazaron y ahora nos encontramos con una carta del 4 de septiembre de la se\u00f1ora Natalie Jarescko que dice que el Proyecto 1723 y 1724 ellos lo rechazan, est\u00e1n son las medidas que estamos discutiendo hoy&#8217;.<\/p>\n<p>Sin embargo, reiter\u00f3 que aunque rechacen la medida la volver\u00edan a radicar, y que m\u00e1s all\u00e1 de la multa el problema es el sistema que est\u00e1 administrando la empresa Gila. Con esto, alegando que el traspaso de este contrato a esta compa\u00f1\u00eda sufri\u00f3 m\u00faltiples irregularidades.<\/p>\n<p>Tambien fueron aprobadas las siguientes medidas: el Proyecto del Senado 233, 988, 1028; las Resoluci\u00f3n del Senado 751, 753; y los Proyectos de la C\u00e1mara 1362. En su concurrencia fueron aprobadas las Resoluciones Conjuntas del Senado 219 y 22 y el Proyecto del Senado 514.<\/p>\n<p>Se recibi\u00f3 el Cuarto Informe Parcial de la Resoluci\u00f3n del Senado 130, el Segundo Informe Parcial de la Resoluci\u00f3n del Senado 489 y el Cuarto Informe Parcial de la Resoluci\u00f3n del Senado 527.<\/p>\n<p>Los trabajos recesaron hasta el pr\u00f3ximo jueves 13 de septiembre a la 1 de la tarde.<\/p>","protected":false},"excerpt":{"rendered":"<p>Aprob\u00f3 resoluci\u00f3n para ello El Senado solicit\u00f3 hoy al gobernador de Puerto Rico, Ricardo Rossell\u00f3 y al Secretario del Departamento de Transportaci\u00f3n y Obras P\u00fablicas (DTOP) Carlos Contreras la &#8216;cancelaci\u00f3n inmediata&#8217; del contrato con Gila, LLC, entidad que opera el sistema de cobro de peajes en Puerto Rico. La solicitud fue aprobada por unanimidad mediante [&hellip;]<\/p>","protected":false},"author":0,"featured_media":577687,"comment_status":"closed","ping_status":"closed","sticky":false,"template":"","format":"standard","meta":{"_acf_changed":false,"_monsterinsights_skip_tracking":false,"ep_exclude_from_search":false,"footnotes":""},"categories":[4,5,2],"tags":[],"class_list":["post-10824","post","type-post","status-publish","format-standard","has-post-thumbnail","hentry","category-gobierno","category-legislatura","category-ultima-hora"],"acf":[],"aioseo_notices":[],"_links":{"self":[{"href":"https:\/\/noticel.com\/en\/wp-json\/wp\/v2\/posts\/10824","targetHints":{"allow":["GET"]}}],"collection":[{"href":"https:\/\/noticel.com\/en\/wp-json\/wp\/v2\/posts"}],"about":[{"href":"https:\/\/noticel.com\/en\/wp-json\/wp\/v2\/types\/post"}],"replies":[{"embeddable":true,"href":"https:\/\/noticel.com\/en\/wp-json\/wp\/v2\/comments?post=10824"}],"version-history":[{"count":1,"href":"https:\/\/noticel.com\/en\/wp-json\/wp\/v2\/posts\/10824\/revisions"}],"predecessor-version":[{"id":577704,"href":"https:\/\/noticel.com\/en\/wp-json\/wp\/v2\/posts\/10824\/revisions\/577704"}],"wp:featuredmedia":[{"embeddable":true,"href":"https:\/\/noticel.com\/en\/wp-json\/wp\/v2\/media\/577687"}],"wp:attachment":[{"href":"https:\/\/noticel.com\/en\/wp-json\/wp\/v2\/media?parent=10824"}],"wp:term":[{"taxonomy":"category","embeddable":true,"href":"https:\/\/noticel.com\/en\/wp-json\/wp\/v2\/categories?post=10824"},{"taxonomy":"post_tag","embeddable":true,"href":"https:\/\/noticel.com\/en\/wp-json\/wp\/v2\/tags?post=10824"}],"curies":[{"name":"wp","href":"https:\/\/api.w.org\/{rel}","templated":true}]}}