{"id":10813,"date":"2018-03-25T00:00:00","date_gmt":"2018-03-25T04:00:00","guid":{"rendered":"http:\/\/www.noticel.com\/ahora\/el-tiempo\/huracanes\/video\/20180325\/tito-kayak-enciende-la-luz-a-los-pobres\/"},"modified":"2025-08-16T05:38:16","modified_gmt":"2025-08-16T05:38:16","slug":"tito-kayak-enciende-la-luz-a-los-pobres","status":"publish","type":"post","link":"https:\/\/noticel.com\/en\/ultima-hora\/20180325\/tito-kayak-enciende-la-luz-a-los-pobres\/","title":{"rendered":"Tito Kayak enciende la luz a los pobres"},"content":{"rendered":"<p><i>Con ayuda comunitaria reconecta bolsillos rurales<\/i><\/p><div class=\"notic-content-middle\" id=\"notic-1496256206\"><div class=\"notic-adlabel\">Advertisements<\/div><a data-no-instant=\"1\" href=\"https:\/\/www.asegurate-bien.com\/\" rel=\"noopener\" class=\"a2t-link\" target=\"_blank\" aria-label=\"Acodese-Adaptaciones-Noticel-970&#215;90\"><img loading=\"lazy\" decoding=\"async\" src=\"https:\/\/cdn.noticel.com\/2026\/07\/30100146\/Acodese-Adaptaciones-Noticel-970x90-1.jpg\" alt=\"\"  srcset=\"https:\/\/cdn.noticel.com\/2026\/07\/30100146\/Acodese-Adaptaciones-Noticel-970x90-1.jpg 970w, https:\/\/cdn.noticel.com\/2026\/07\/30100146\/Acodese-Adaptaciones-Noticel-970x90-1-300x28.jpg 300w, https:\/\/cdn.noticel.com\/2026\/07\/30100146\/Acodese-Adaptaciones-Noticel-970x90-1-768x71.jpg 768w, https:\/\/cdn.noticel.com\/2026\/07\/30100146\/Acodese-Adaptaciones-Noticel-970x90-1-18x2.jpg 18w\" sizes=\"(max-width: 970px) 100vw, 970px\" width=\"970\" height=\"90\"   \/><\/a><\/div>\n<p>Alberto De Jes\u00fas, activista ambiental conocido como Tito Kayak, reconecta al servicio de energ\u00eda el\u00e9ctrica de la AEE sectoresde Comer\u00edo con ayuda de la comunidad, siendo este solo uno de varios municipios en los que ya ha trabajado de manera voluntaria.<\/p>\n<p><iframe loading=\"lazy\" title=\"Tito Kayak enciende la luz a los pobres\" width=\"500\" height=\"281\" src=\"https:\/\/www.youtube.com\/embed\/y2rJNPen9CU?feature=oembed\" frameborder=\"0\" allow=\"accelerometer; autoplay; clipboard-write; encrypted-media; gyroscope; picture-in-picture; web-share\" referrerpolicy=\"strict-origin-when-cross-origin\" allowfullscreen><\/iframe><\/p>","protected":false},"excerpt":{"rendered":"<p>Con ayuda comunitaria reconecta bolsillos rurales Alberto De Jes\u00fas, activista ambiental conocido como Tito Kayak, reconecta al servicio de energ\u00eda el\u00e9ctrica de la AEE sectoresde Comer\u00edo con ayuda de la comunidad, siendo este solo uno de varios municipios en los que ya ha trabajado de manera voluntaria.<\/p>","protected":false},"author":0,"featured_media":847587,"comment_status":"closed","ping_status":"closed","sticky":false,"template":"","format":"standard","meta":{"_acf_changed":false,"_monsterinsights_skip_tracking":false,"ep_exclude_from_search":false,"footnotes":""},"categories":[18,19,2,61],"tags":[],"class_list":["post-10813","post","type-post","status-publish","format-standard","has-post-thumbnail","hentry","category-el-tiempo","category-huracanes","category-ultima-hora","category-video"],"acf":[],"aioseo_notices":[],"_links":{"self":[{"href":"https:\/\/noticel.com\/en\/wp-json\/wp\/v2\/posts\/10813","targetHints":{"allow":["GET"]}}],"collection":[{"href":"https:\/\/noticel.com\/en\/wp-json\/wp\/v2\/posts"}],"about":[{"href":"https:\/\/noticel.com\/en\/wp-json\/wp\/v2\/types\/post"}],"replies":[{"embeddable":true,"href":"https:\/\/noticel.com\/en\/wp-json\/wp\/v2\/comments?post=10813"}],"version-history":[{"count":1,"href":"https:\/\/noticel.com\/en\/wp-json\/wp\/v2\/posts\/10813\/revisions"}],"predecessor-version":[{"id":847610,"href":"https:\/\/noticel.com\/en\/wp-json\/wp\/v2\/posts\/10813\/revisions\/847610"}],"wp:featuredmedia":[{"embeddable":true,"href":"https:\/\/noticel.com\/en\/wp-json\/wp\/v2\/media\/847587"}],"wp:attachment":[{"href":"https:\/\/noticel.com\/en\/wp-json\/wp\/v2\/media?parent=10813"}],"wp:term":[{"taxonomy":"category","embeddable":true,"href":"https:\/\/noticel.com\/en\/wp-json\/wp\/v2\/categories?post=10813"},{"taxonomy":"post_tag","embeddable":true,"href":"https:\/\/noticel.com\/en\/wp-json\/wp\/v2\/tags?post=10813"}],"curies":[{"name":"wp","href":"https:\/\/api.w.org\/{rel}","templated":true}]}}