{"id":106231,"date":"2012-06-16T11:59:00","date_gmt":"2012-06-16T15:59:00","guid":{"rendered":"http:\/\/www.noticel.com\/ahora\/20120616\/marcha-de-consternacion-por-sentencia-en-caso-francheska\/"},"modified":"2025-08-27T09:10:04","modified_gmt":"2025-08-27T09:10:04","slug":"marcha-de-consternacion-por-sentencia-en-caso-francheska","status":"publish","type":"post","link":"https:\/\/noticel.com\/en\/ultima-hora\/20120616\/marcha-de-consternacion-por-sentencia-en-caso-francheska\/","title":{"rendered":"Marcha de consternaci\u00f3n por sentencia en caso Francheska"},"content":{"rendered":"<p>Despu\u00e9s de que NotiCel denunciara la posibilidad de que se hubiera discriminado con la joven madre dominicana Francheska Duarte -que fue atropellada en Puerto Rico por su ex compa\u00f1ero Jorge Luis Ramos Rodr\u00edguez perdiendo ambas piernas-, al recibir su agresor una sentencia m\u00ednima, la comunidad dominicana expresar\u00e1 su consternaci\u00f3n por el caso en una marcha que se celebrar\u00e1 el pr\u00f3ximo 1 de julio desde el estacionamiento del Tren Urbano en Sagrado Coraz\u00f3n hasta el centro gubernamental Minillas.<\/p>\n<p>A fin de coordinar la marcha, l\u00edderes dominicanos en San Juan se reunir\u00e1n esta noche (7:00 pm) en el local de la Alianza Dominicana en Santurce, seg\u00fan inform\u00f3 el promotor de espect\u00e1culos y actividades Luis Aguasvivas, tambi\u00e9n presidente de la Parada Dominicana en Puerto Rico.<\/p>\n<p>El caso de Francheska, que salv\u00f3 &#8216;milagrosamente su vida, ha consternado a la comunidad dominicana en esa isla y a la opini\u00f3n p\u00fablica en general, <a href=\"https:\/\/noticel.com\/en\/noticia\/125516\/fortuno-interviene-para-aumentar-castigo-en-caso-francheska.html\/\">incluyendo al propio gobernador Luis Fortuno<\/a>, quien solicit\u00f3 formalmente al Departamento de Justicia pedir la pena m\u00e1s severa del delito por el cual se encontr\u00f3 culpable el agresor&#8217;, se indica en el comunicado de Aguasvivas.<\/p>\n<p>La actividad se realizar\u00e1 en apoyo a Duarte y &#8216;a los sobrevivientes de violencia, adem\u00e1s de familiares de v\u00edctimas que no tuvieron la suerte de sobrevivir a la cruel y despiadada ola de violencia que hoy arropa la Isla del Encanto y que no discrimina contra raza, color, nacionalidad, edad, posici\u00f3n social, ni sexo&#8217;.<\/p>\n<p>Juanto a Aguasvivas, coordina la actividad la puertorrique\u00f1a Myrna D\u00edaz.<\/p>\n<p>&#8216;Necesitamos darle un importante espaldarazo y apoyo como sociedad, a las v\u00edctimas y sus familiares, enviarles el mensaje claro de que no est\u00e1n solos, que cada ciudadano de buen coraz\u00f3n estamos con ellos&#8217;, expres\u00f3 el reconocido productor dominicano radicado en PR.<\/p><div class=\"notic-content-middle\" id=\"notic-1941038296\"><div class=\"notic-adlabel\">Advertisements<\/div><a data-no-instant=\"1\" href=\"https:\/\/www.asegurate-bien.com\/\" rel=\"noopener\" class=\"a2t-link\" target=\"_blank\" aria-label=\"Acodese-Adaptaciones-Noticel-300&#215;250\"><img loading=\"lazy\" decoding=\"async\" src=\"https:\/\/cdn.noticel.com\/2026\/05\/30094423\/Acodese-Adaptaciones-Noticel-300x250-1.jpg\" alt=\"\"  srcset=\"https:\/\/cdn.noticel.com\/2026\/05\/30094423\/Acodese-Adaptaciones-Noticel-300x250-1.jpg 300w, https:\/\/cdn.noticel.com\/2026\/05\/30094423\/Acodese-Adaptaciones-Noticel-300x250-1-14x12.jpg 14w\" sizes=\"(max-width: 300px) 100vw, 300px\" width=\"300\" height=\"250\"   \/><\/a><\/div>\n<p>Aguasvivas informo que esta ser\u00e1 la primera de varias iniciativas que realizara la comunidad dominicana a favor de la joven madre.<\/p>\n<p>El pasado viernes 8 de junio la jueza Nerisvel Dur\u00e1n no encontr\u00f3 que Jorge Ramos Rodr\u00edguez tuviera intenci\u00f3n criminal cuando la choc\u00f3 y aplast\u00f3 a la joven madre contra otro veh\u00edculo en Santurce, el pasado 19 de diciembre.<\/p>\n<p>La magistrada dictamin\u00f3 que Ramos era culpable tan solo de un delito menos grave, de &#8216;lesi\u00f3n negligente&#8217;, que conllevar\u00eda una pena m\u00ednima de 6 meses a 3 a\u00f1os m\u00e1ximo en prisi\u00f3n.<\/p>\n<p>&#8216;Esto sin tomar en consideraci\u00f3n el da\u00f1o permanente de Francheska, ni el abultado prontuario delictivo del agresor, el cual se encontraba en probatoria por sustancias controladas y ley de armas&#8217;, subray\u00f3 Aguasvivas.<\/p>\n<p>NotiCel fue el primer medio en se\u00f1alar <a href=\"https:\/\/noticel.com\/en\/noticia\/125591\/comunidad-dominicana-y-si-francheska-fuera-puertorriquena.html\/\">la posibilidad de que se hubiera discriminado contra Duarte<\/a> por su origen dominicano, denuncia que aocgi\u00f3 r\u00e1pido <a href=\"https:\/\/noticel.com\/en\/noticia\/125696\/sale-mejor-agresor-de-franchesca-que-agresor-de-yegua.html\/\">respaldo de otras voces<\/a>.<\/p>","protected":false},"excerpt":{"rendered":"<p>Despu\u00e9s de que NotiCel denunciara la posibilidad de que se hubiera discriminado con la joven madre dominicana Francheska Duarte -que fue atropellada en Puerto Rico por su ex compa\u00f1ero Jorge Luis Ramos Rodr\u00edguez perdiendo ambas piernas-, al recibir su agresor una sentencia m\u00ednima, la comunidad dominicana expresar\u00e1 su consternaci\u00f3n por el caso en una marcha [&hellip;]<\/p>","protected":false},"author":0,"featured_media":918272,"comment_status":"closed","ping_status":"closed","sticky":false,"template":"","format":"standard","meta":{"_acf_changed":false,"_monsterinsights_skip_tracking":false,"ep_exclude_from_search":false,"footnotes":""},"categories":[2],"tags":[],"class_list":["post-106231","post","type-post","status-publish","format-standard","has-post-thumbnail","hentry","category-ultima-hora"],"acf":[],"aioseo_notices":[],"_links":{"self":[{"href":"https:\/\/noticel.com\/en\/wp-json\/wp\/v2\/posts\/106231","targetHints":{"allow":["GET"]}}],"collection":[{"href":"https:\/\/noticel.com\/en\/wp-json\/wp\/v2\/posts"}],"about":[{"href":"https:\/\/noticel.com\/en\/wp-json\/wp\/v2\/types\/post"}],"replies":[{"embeddable":true,"href":"https:\/\/noticel.com\/en\/wp-json\/wp\/v2\/comments?post=106231"}],"version-history":[{"count":1,"href":"https:\/\/noticel.com\/en\/wp-json\/wp\/v2\/posts\/106231\/revisions"}],"predecessor-version":[{"id":918306,"href":"https:\/\/noticel.com\/en\/wp-json\/wp\/v2\/posts\/106231\/revisions\/918306"}],"wp:featuredmedia":[{"embeddable":true,"href":"https:\/\/noticel.com\/en\/wp-json\/wp\/v2\/media\/918272"}],"wp:attachment":[{"href":"https:\/\/noticel.com\/en\/wp-json\/wp\/v2\/media?parent=106231"}],"wp:term":[{"taxonomy":"category","embeddable":true,"href":"https:\/\/noticel.com\/en\/wp-json\/wp\/v2\/categories?post=106231"},{"taxonomy":"post_tag","embeddable":true,"href":"https:\/\/noticel.com\/en\/wp-json\/wp\/v2\/tags?post=106231"}],"curies":[{"name":"wp","href":"https:\/\/api.w.org\/{rel}","templated":true}]}}