{"id":106014,"date":"2014-02-28T14:02:23","date_gmt":"2014-02-28T18:02:23","guid":{"rendered":"http:\/\/www.noticel.com\/mundo\/20140228\/llega-el-segundo-espia-de-los-cinco-en-ser-liberado\/"},"modified":"2025-08-20T09:19:38","modified_gmt":"2025-08-20T09:19:38","slug":"llega-el-segundo-espia-de-los-cinco-en-ser-liberado","status":"publish","type":"post","link":"https:\/\/noticel.com\/en\/noticias\/mundo\/20140228\/llega-el-segundo-espia-de-los-cinco-en-ser-liberado\/","title":{"rendered":"Llega el segundo esp\u00eda de &#8216;Los Cinco&#8217; en ser liberado"},"content":{"rendered":"<p>Fernando Gonz\u00e1lez, uno de los cinco esp\u00edas cubanos que fueron condenados en EE.UU. en un juicio celebrado en 2001, lleg\u00f3 hoy a La Habana tras cumplir m\u00e1s de 15 a\u00f1os de prisi\u00f3n en el pa\u00eds norteamericano y quedar en libertad ayer jueves, informaron medios oficiales de la isla.<\/p>\n<p>&#8216;El h\u00e9roe de la Rep\u00fablica de Cuba y luchador antiterrorista Fernando Gonz\u00e1lez lleg\u00f3 al mediod\u00eda de hoy a nuestra patria tras cumplir \u00edntegramente una larga e injusta condena a la que fue sometido en los Estados Unidos&#8217;, indic\u00f3 la televisi\u00f3n estatal cubana, que interrumpi\u00f3 su programaci\u00f3n habitual para dar la noticia del arribo del agente.<\/p><div class=\"notic-content-middle\" id=\"notic-536681332\"><div class=\"notic-adlabel\">Advertisements<\/div><a data-no-instant=\"1\" href=\"https:\/\/www.asegurate-bien.com\/\" rel=\"noopener\" class=\"a2t-link\" target=\"_blank\" aria-label=\"Acodese-Adaptaciones-Noticel-300&#215;600\"><img loading=\"lazy\" decoding=\"async\" src=\"https:\/\/cdn.noticel.com\/2026\/05\/30094652\/Acodese-Adaptaciones-Noticel-300x600-1.jpg\" alt=\"\"  srcset=\"https:\/\/cdn.noticel.com\/2026\/05\/30094652\/Acodese-Adaptaciones-Noticel-300x600-1.jpg 300w, https:\/\/cdn.noticel.com\/2026\/05\/30094652\/Acodese-Adaptaciones-Noticel-300x600-1-150x300.jpg 150w, https:\/\/cdn.noticel.com\/2026\/05\/30094652\/Acodese-Adaptaciones-Noticel-300x600-1-6x12.jpg 6w\" sizes=\"(max-width: 300px) 100vw, 300px\" width=\"300\" height=\"600\"   \/><\/a><\/div>\n<p>Este es el segundo del conocido en Cuba como grupo de &#8216;Los Cinco&#8217; en ser liberado tras Ren\u00e9 Gonz\u00e1lez, quien cumpli\u00f3 su condena en octubre de 2011 y en mayo de 2013 regres\u00f3 definitivamente a La Habana, donde reside actualmente, a cambio de renunciar a su ciudadan\u00eda estadounidense.<\/p>","protected":false},"excerpt":{"rendered":"<p>Fernando Gonz\u00e1lez, uno de los cinco esp\u00edas cubanos que fueron condenados en EE.UU. en un juicio celebrado en 2001, lleg\u00f3 hoy a La Habana tras cumplir m\u00e1s de 15 a\u00f1os de prisi\u00f3n en el pa\u00eds norteamericano y quedar en libertad ayer jueves, informaron medios oficiales de la isla. &#8216;El h\u00e9roe de la Rep\u00fablica de Cuba [&hellip;]<\/p>","protected":false},"author":0,"featured_media":881344,"comment_status":"closed","ping_status":"closed","sticky":false,"template":"","format":"standard","meta":{"_acf_changed":false,"_monsterinsights_skip_tracking":false,"ep_exclude_from_search":false,"footnotes":""},"categories":[17],"tags":[],"class_list":["post-106014","post","type-post","status-publish","format-standard","has-post-thumbnail","hentry","category-mundo"],"acf":[],"aioseo_notices":[],"_links":{"self":[{"href":"https:\/\/noticel.com\/en\/wp-json\/wp\/v2\/posts\/106014","targetHints":{"allow":["GET"]}}],"collection":[{"href":"https:\/\/noticel.com\/en\/wp-json\/wp\/v2\/posts"}],"about":[{"href":"https:\/\/noticel.com\/en\/wp-json\/wp\/v2\/types\/post"}],"replies":[{"embeddable":true,"href":"https:\/\/noticel.com\/en\/wp-json\/wp\/v2\/comments?post=106014"}],"version-history":[{"count":1,"href":"https:\/\/noticel.com\/en\/wp-json\/wp\/v2\/posts\/106014\/revisions"}],"predecessor-version":[{"id":881377,"href":"https:\/\/noticel.com\/en\/wp-json\/wp\/v2\/posts\/106014\/revisions\/881377"}],"wp:featuredmedia":[{"embeddable":true,"href":"https:\/\/noticel.com\/en\/wp-json\/wp\/v2\/media\/881344"}],"wp:attachment":[{"href":"https:\/\/noticel.com\/en\/wp-json\/wp\/v2\/media?parent=106014"}],"wp:term":[{"taxonomy":"category","embeddable":true,"href":"https:\/\/noticel.com\/en\/wp-json\/wp\/v2\/categories?post=106014"},{"taxonomy":"post_tag","embeddable":true,"href":"https:\/\/noticel.com\/en\/wp-json\/wp\/v2\/tags?post=106014"}],"curies":[{"name":"wp","href":"https:\/\/api.w.org\/{rel}","templated":true}]}}