{"id":105696,"date":"2015-04-06T14:58:09","date_gmt":"2015-04-06T18:58:09","guid":{"rendered":"http:\/\/www.noticel.com\/ahora\/educacion\/upr\/20150406\/sin-perspectiva-de-genero-dificil-prevenir-la-violencia-sexual-en-los-campu\/"},"modified":"2025-08-18T04:10:36","modified_gmt":"2025-08-18T04:10:36","slug":"sin-perspectiva-de-genero-dificil-prevenir-la-violencia-sexual-en-los-campu","status":"publish","type":"post","link":"https:\/\/noticel.com\/en\/ultima-hora\/20150406\/sin-perspectiva-de-genero-dificil-prevenir-la-violencia-sexual-en-los-campu\/","title":{"rendered":"Sin perspectiva de g\u00e9nero dif\u00edcil prevenir la violencia sexual en los campu"},"content":{"rendered":"<p>La preocupaci\u00f3n estudiantil ante las fallas estructurales en la prevenci\u00f3n de la violencia de genero, as\u00ed como la ausencia de un protocolo s\u00f3lido que atienda los casos de violencia sexual, sobrevuela el Recinto de R\u00edo Piedras de la Universidad de Puerto Rico.<\/p>\n<p>Sin embargo, el lunes se dio un primer paso t\u00edmido hacia la resoluci\u00f3n del asunto con una proclama a cargo del Departamento de Salud y la Rector\u00eda del Recinto para fomentar la creaci\u00f3n de pol\u00edticas p\u00fablicas que prevengan nuevos casos de agresi\u00f3n sexual en los campus puertorrique\u00f1os. Mientras, al escenario improsivado en la Plaza Baldorioty del Recinto, sub\u00edan funcionarios de la Universidad, del Departamento de Salud y del Departamento de la Familia, observados por algunos estudiantes del Recinto con recelo.<\/p>\n<p>&#8216;Uno viene a estudiar, pero no se siente seguro. Uno est\u00e1 aqu\u00ed a su propio riesgo&#8217;, dijo con firmeza la estudiante de quinto a\u00f1o,Madeline Soto. La joven, que se encontraba en el p\u00fablico, coment\u00f3 que se debe reforzar a\u00fan m\u00e1s la seguridad y orientar a los guardias para atender todo tipo de casos.<\/p>\n<p>Por su parte, el rector del recinto riopedrense, Carlos Severino Valdez, explic\u00f3 que actualmente se revisan los protocolos de seguridad para hacerlos m\u00e1s intolerantes a la agresi\u00f3n sexual, ajust\u00e1ndolos as\u00ed a la proclama circulada por el presidente de Estados Unidos,Barack Obama, con el mismo objetivo.<\/p>\n<p>Sin embargo, los esfuerzos parecen vislumbrar un camino largo por recorrer. &#8216;La Universidad tiene que mirar para adentro y aplicarse la perspectiva de g\u00e9nero. No es solamente estar aqu\u00ed hoy y firmar proclama, sino decir c\u00f3mo aplicarlo&#8217;, manifest\u00f3 la estudiante graduada de Trabajo Social,Coraly Le\u00f3n Morales.<\/p>\n<p>Para la estudiante que participa precisamente del comit\u00e9 que revisa actualmente la pol\u00edtica p\u00fablica para atender casos de violencia sexual, no existe a\u00fan un protocolo s\u00f3lido que transforme la realidad institucional en torno a la violencia de g\u00e9nero. Argument\u00f3 que todav\u00eda faltan aclarar las funciones de las diversas instancias que lidian con casos de agresi\u00f3n sexual e indicar a la comunidad c\u00f3mo auxiliar a una v\u00edctima.<\/p>\n<p>Coincidi\u00f3 la representante estudiantil,Gabriela Medina, coordinadora del Comit\u00e9 de Equidad y G\u00e9nero del Consejo General de Estudiantes. &#8216;Si una compa\u00f1era viene a donde m\u00ed y me dice (que fue v\u00edctima de violencia sexual), no hay nada que yo le pueda decir concreto de c\u00f3mo atender la situaci\u00f3n. Mientras los procesos no est\u00e9n delineados de una manera clara, con personal adiestrado para atender a estas v\u00edctimas y a los agresores, nos queda camino por recorrer&#8217;, expres\u00f3.<\/p>\n<p>Asimismo, la directora del Centro de Ayuda a V\u00edctimas de Violaci\u00f3n,Rebecca Ward, dijo al p\u00fablico que se debe ir m\u00e1s all\u00e1 de un solo evento de concienciaci\u00f3n, que es necesario fortalecer los protocolos para atender los casos y adiestrar a toda la comunidad para que identifiquen se\u00f1ales de alerta, adem\u00e1s de crear pol\u00edticas p\u00fablicas que busquen soluciones a largo plazo.<\/p>\n<p>Mientras el Senado Acad\u00e9mico del Recinto de R\u00edo Piedras se expres\u00f3 a favor de la implantaci\u00f3n de un curr\u00edculo con perspectiva de g\u00e9nero en las escuelas p\u00fablicas, Le\u00f3n Morales, denunci\u00f3 que, &#8216;El Programa de G\u00e9nero de aqu\u00ed est\u00e1 siendo desmantelado, no tiene fondos suficientes y muchas veces las profesoras tienen que dar las clases de forma gratuita, los servicios para madres y centros de cuido son bien limitados\u2026 y hay profesores que son hostigadores o acosadores, y no existen documentos oficiales de c\u00f3mo trabajar con ellos y si son catedr\u00e1ticos les pasan la mano&#8217;.<\/p><div class=\"notic-content-middle\" id=\"notic-608822298\"><div class=\"notic-adlabel\">Advertisements<\/div><a data-no-instant=\"1\" href=\"https:\/\/www.cst.pr.gov\/\" rel=\"noopener\" class=\"a2t-link\" target=\"_blank\" aria-label=\"970&#215;90\"><img loading=\"lazy\" decoding=\"async\" src=\"https:\/\/cdn.noticel.com\/2026\/09\/02203812\/970x90.jpg\" alt=\"\"  srcset=\"https:\/\/cdn.noticel.com\/2026\/09\/02203812\/970x90.jpg 970w, https:\/\/cdn.noticel.com\/2026\/09\/02203812\/970x90-300x28.jpg 300w, https:\/\/cdn.noticel.com\/2026\/09\/02203812\/970x90-768x71.jpg 768w, https:\/\/cdn.noticel.com\/2026\/09\/02203812\/970x90-18x2.jpg 18w\" sizes=\"(max-width: 970px) 100vw, 970px\" width=\"970\" height=\"90\"   \/><\/a><\/div>\n<p>Adem\u00e1s, se\u00f1al\u00f3 que las campa\u00f1as de prevenci\u00f3n est\u00e1n dirigidas a responsabilizar a las v\u00edctimas, indic\u00e1ndoles que usen ropa suelta y no anden solas, y critic\u00f3 los comentarios machistas y homof\u00f3bicos que dicen los profesores en el sal\u00f3n de clases, escud\u00e1ndose tras la libertad de c\u00e1tedra &#8216;para seguir fomentando el discrimen&#8217;.<\/p>\n<p>Le\u00f3n Morales agreg\u00f3 que tambi\u00e9n falta estipular un proceso de adiestramiento al personal para reeducarlo, de manera que evite a toda costa la revictimizaci\u00f3n de una persona en el proceso de querella y protecci\u00f3n.<\/p>\n<p>Como ejemplo, cuando la estudiante de Trabajo Social, Jennifer Oliveras, sali\u00f3 de su clase a las 7:45 de la noche en agosto pasado, y lleg\u00f3 a un estacionamiento oscuro y aparentemente sin vigilancia, se percat\u00f3 que le hab\u00edan robado la bater\u00eda de su veh\u00edculo. En aquel momento, la estudiante cont\u00f3 que el trato que recibi\u00f3 de los guardias estuvo marcado por la incredulidad, la burla y las ofensas, desde el momento en que le restaron seriedad al asunto adjudic\u00e1ndolo a un exnovio cualquiera, hasta la frase &#8216;retr\u00e1tate este&#8217;, cuando la estudiante y sus compa\u00f1eras tomaron medidas para identificarlos.<\/p>\n<p>Le\u00f3n Morales trajo hoy ese caso a colasi\u00f3n nuevamente para demostrar la necesidad tambi\u00e9n de estampar en el protocolo de seguridad el adiestramiento a los guardias para que, desde el respeto y la conciencia de g\u00e9nero, est\u00e9n capacitados para atender todo tipo de asuntos.<\/p>\n<p>Ese proceso de reeducaci\u00f3n tambi\u00e9n es lo que intenta llevar a cabo la campa\u00f1a de concienciaci\u00f3n que inicia hoy en el pa\u00eds. Seg\u00fan la profesora de Trabajo Social, Elithet Silva Mart\u00ednez, las fallas generalmente se identifican m\u00e1s en la implementaci\u00f3n de una pol\u00edtica que en su construcci\u00f3n.<\/p>\n<p>&#8216;La Universidad es un reflejo de lo que es el pa\u00eds. Aunque existe la ley 54 a\u00fan estamos en proceso de una implementaci\u00f3n real. Debemos hacer una transformaci\u00f3n sist\u00e9mica y una campa\u00f1a de concienciaci\u00f3n que hable no solo de la pol\u00edtica institucional, sino de prevenci\u00f3n, que sostenga conversaciones genuinas y honestas de la violencia contra la mujer en todo su espectro, y que hablemos tambi\u00e9n de las comunidades LGBTTIQ, y todas las vulnerabilizadas por distintas razones&#8217;, enunci\u00f3.<\/p>\n<p>No obstante, algunos estudiantes entrevistados reconocieron el inter\u00e9s que ha puesto el Recinto en el tema de seguridad. La estudiante de Ingl\u00e9s de quinto a\u00f1o, Ariam Franqui, aunque admiti\u00f3 que tampoco se siente segura, considera que el panorama del Recinto ha mejorado y que eso se evidencia en mayor cantidad de guardias de seguridad.<\/p>\n<p>Por su parte, el estudiante de quinto a\u00f1o de Historia, John Rodr\u00edguez, coincidi\u00f3 en que el Recinto &#8216;se est\u00e1 preocupando bastante en c\u00f3mo mejorar la seguridad del estudiante&#8217;, con m\u00e1s personal de seguridad, patrullas nuevas y la inversi\u00f3n en otros equipos de vigilancia.<\/p>\n<p>El estudiante admiti\u00f3 que a veces ve personas en el Recinto que evidentemente no forman parte de la comunidad universitaria y que podr\u00edan caer bajo un perfil sospechoso, pero admiti\u00f3 que la posibilidad de una agresi\u00f3n sexual contra s\u00ed nunca le ha pasado por la cabeza. Cuando se le pregunt\u00f3 si una compa\u00f1era en las mismas circunstancias puede estar preocupada, asinti\u00f3. &#8216;Yo estudio por las tardes y el parking de noche se ve peligroso. Para una chica, debe ser bien inc\u00f3modo&#8217;, comparti\u00f3.<\/p>","protected":false},"excerpt":{"rendered":"<p>La preocupaci\u00f3n estudiantil ante las fallas estructurales en la prevenci\u00f3n de la violencia de genero, as\u00ed como la ausencia de un protocolo s\u00f3lido que atienda los casos de violencia sexual, sobrevuela el Recinto de R\u00edo Piedras de la Universidad de Puerto Rico. Sin embargo, el lunes se dio un primer paso t\u00edmido hacia la resoluci\u00f3n [&hellip;]<\/p>","protected":false},"author":0,"featured_media":0,"comment_status":"closed","ping_status":"closed","sticky":false,"template":"","format":"standard","meta":{"_acf_changed":false,"_monsterinsights_skip_tracking":false,"ep_exclude_from_search":false,"footnotes":""},"categories":[2],"tags":[],"class_list":["post-105696","post","type-post","status-publish","format-standard","hentry","category-ultima-hora"],"acf":[],"aioseo_notices":[],"_links":{"self":[{"href":"https:\/\/noticel.com\/en\/wp-json\/wp\/v2\/posts\/105696","targetHints":{"allow":["GET"]}}],"collection":[{"href":"https:\/\/noticel.com\/en\/wp-json\/wp\/v2\/posts"}],"about":[{"href":"https:\/\/noticel.com\/en\/wp-json\/wp\/v2\/types\/post"}],"replies":[{"embeddable":true,"href":"https:\/\/noticel.com\/en\/wp-json\/wp\/v2\/comments?post=105696"}],"version-history":[{"count":1,"href":"https:\/\/noticel.com\/en\/wp-json\/wp\/v2\/posts\/105696\/revisions"}],"predecessor-version":[{"id":865929,"href":"https:\/\/noticel.com\/en\/wp-json\/wp\/v2\/posts\/105696\/revisions\/865929"}],"wp:attachment":[{"href":"https:\/\/noticel.com\/en\/wp-json\/wp\/v2\/media?parent=105696"}],"wp:term":[{"taxonomy":"category","embeddable":true,"href":"https:\/\/noticel.com\/en\/wp-json\/wp\/v2\/categories?post=105696"},{"taxonomy":"post_tag","embeddable":true,"href":"https:\/\/noticel.com\/en\/wp-json\/wp\/v2\/tags?post=105696"}],"curies":[{"name":"wp","href":"https:\/\/api.w.org\/{rel}","templated":true}]}}