{"id":105077,"date":"2015-10-24T22:39:00","date_gmt":"2015-10-25T02:39:00","guid":{"rendered":"http:\/\/www.noticel.com\/boxeo-caliente\/deportes\/20151024\/respirando-por-si-solo-prichard-colon\/"},"modified":"2025-07-18T09:52:10","modified_gmt":"2025-07-18T09:52:10","slug":"respirando-por-si-solo-prichard-colon","status":"publish","type":"post","link":"https:\/\/noticel.com\/en\/deportes\/20151024\/respirando-por-si-solo-prichard-colon\/","title":{"rendered":"Respirando por s\u00ed solo Prichard Col\u00f3n"},"content":{"rendered":"<p>Despues de varios d\u00edas sin novedades en su condici\u00f3n de salud, el boxeador Prichard Col\u00f3n ya est\u00e1 respirando sin la asistencia de m\u00e1quinas, seg\u00fan inform\u00f3 su familia mediante un mensaje en su p\u00e1gina oficial de Facebook.<\/p>\n<p>ULTIMA HORA!!Prichard est\u00e1 respirando sin maquinas!! La gloria es de Dios!! Solo falta despertar.Att:Familia Col\u00f3n<\/p>\n<p>Posted by<\/p>\n<p><a href=\"https:\/\/www.facebook.com\/PrichardColonPaginaOficial\">Prichard Col\u00f3n &#8211; P\u00e1gina Oficial<\/a> on<\/p>\n<p><a href=\"https:\/\/www.facebook.com\/PrichardColonPaginaOficial\/posts\/930187540388606\">Saturday, October 24, 2015<\/a><\/p><div class=\"notic-content-middle\" id=\"notic-38657096\"><div class=\"notic-adlabel\">Advertisements<\/div><a data-no-instant=\"1\" href=\"https:\/\/qrco.de\/bgxd5v\" rel=\"noopener\" class=\"a2t-link\" target=\"_blank\" aria-label=\"300X600-SEBUSCA2\"><img loading=\"lazy\" decoding=\"async\" src=\"https:\/\/cdn.noticel.com\/2026\/09\/02194415\/300X600-SEBUSCA2.jpg\" alt=\"\"  srcset=\"https:\/\/cdn.noticel.com\/2026\/09\/02194415\/300X600-SEBUSCA2.jpg 300w, https:\/\/cdn.noticel.com\/2026\/09\/02194415\/300X600-SEBUSCA2-150x300.jpg 150w, https:\/\/cdn.noticel.com\/2026\/09\/02194415\/300X600-SEBUSCA2-6x12.jpg 6w\" sizes=\"(max-width: 300px) 100vw, 300px\" width=\"300\" height=\"600\"   \/><\/a><\/div>\n<p>Col\u00f3n se mantiene en un estado de coma tras ser operado de emergencia luego de sufrir un sangrado cerebral a consecuencia de varios golpes que recibi\u00f3 en la nuca durante su combate contra el estadounidense Terrel Williams, celebrado el s\u00e1bado, 17 de octubre, en Fairfax, Virginia.<\/p>\n<p>Desde su operaci\u00f3n el pasado domingo, Col\u00f3n ha mostrado lentas se\u00f1ales de mejor\u00eda. Este ha respondido satisfactoriamente a varios est\u00edmulos neurol\u00f3gicos y se le retiraron los sedantes que lo manten\u00edan en una coma inducida.<\/p>\n<p>Solo (le) falta despertar.<\/p>\n<p>Ahora, tal y como dice la familia Col\u00f3n, &#8216;solo falta despertar&#8217;.<\/p>\n<p>*<em>Para m\u00e1s informaci\u00f3n sobre Prichard Col\u00f3n,<a href=\"http:\/\/noticel.com\/en\/topic\/boxeo-caliente\/\"> visita nuestra secci\u00f3n #BoxeoCaliente<\/a>.<\/em><\/p>","protected":false},"excerpt":{"rendered":"<p>Despues de varios d\u00edas sin novedades en su condici\u00f3n de salud, el boxeador Prichard Col\u00f3n ya est\u00e1 respirando sin la asistencia de m\u00e1quinas, seg\u00fan inform\u00f3 su familia mediante un mensaje en su p\u00e1gina oficial de Facebook. ULTIMA HORA!!Prichard est\u00e1 respirando sin maquinas!! La gloria es de Dios!! Solo falta despertar.Att:Familia Col\u00f3n Posted by Prichard Col\u00f3n [&hellip;]<\/p>","protected":false},"author":0,"featured_media":511531,"comment_status":"closed","ping_status":"closed","sticky":false,"template":"","format":"standard","meta":{"_acf_changed":false,"_monsterinsights_skip_tracking":false,"ep_exclude_from_search":false,"footnotes":""},"categories":[31],"tags":[],"class_list":["post-105077","post","type-post","status-publish","format-standard","has-post-thumbnail","hentry","category-deportes"],"acf":[],"aioseo_notices":[],"_links":{"self":[{"href":"https:\/\/noticel.com\/en\/wp-json\/wp\/v2\/posts\/105077","targetHints":{"allow":["GET"]}}],"collection":[{"href":"https:\/\/noticel.com\/en\/wp-json\/wp\/v2\/posts"}],"about":[{"href":"https:\/\/noticel.com\/en\/wp-json\/wp\/v2\/types\/post"}],"replies":[{"embeddable":true,"href":"https:\/\/noticel.com\/en\/wp-json\/wp\/v2\/comments?post=105077"}],"version-history":[{"count":1,"href":"https:\/\/noticel.com\/en\/wp-json\/wp\/v2\/posts\/105077\/revisions"}],"predecessor-version":[{"id":511537,"href":"https:\/\/noticel.com\/en\/wp-json\/wp\/v2\/posts\/105077\/revisions\/511537"}],"wp:featuredmedia":[{"embeddable":true,"href":"https:\/\/noticel.com\/en\/wp-json\/wp\/v2\/media\/511531"}],"wp:attachment":[{"href":"https:\/\/noticel.com\/en\/wp-json\/wp\/v2\/media?parent=105077"}],"wp:term":[{"taxonomy":"category","embeddable":true,"href":"https:\/\/noticel.com\/en\/wp-json\/wp\/v2\/categories?post=105077"},{"taxonomy":"post_tag","embeddable":true,"href":"https:\/\/noticel.com\/en\/wp-json\/wp\/v2\/tags?post=105077"}],"curies":[{"name":"wp","href":"https:\/\/api.w.org\/{rel}","templated":true}]}}