{"id":104861,"date":"2013-09-30T12:35:36","date_gmt":"2013-09-30T16:35:36","guid":{"rendered":"http:\/\/www.noticel.com\/mundo\/20130930\/se-forma-jerry-en-el-atlantico\/"},"modified":"2025-08-21T08:09:05","modified_gmt":"2025-08-21T08:09:05","slug":"se-forma-jerry-en-el-atlantico","status":"publish","type":"post","link":"https:\/\/noticel.com\/en\/noticias\/mundo\/20130930\/se-forma-jerry-en-el-atlantico\/","title":{"rendered":"Se forma &#8216;Jerry&#8217; en el Atl\u00e1ntico"},"content":{"rendered":"<p>El Centro Nacional de Huracanes inform\u00f3 esta ma\u00f1ana de la formaci\u00f3n de la tormenta tropical &#8216;Jerry&#8217;, la decima en lo que va de una temporada de huracanes menos activa de lo pronosticado.<\/p>\n<p>Anteriormente, lo que hab\u00eda sido la und\u00e9cima depresi\u00f3n tropical de la temporada de huracanes en la cuenca atl\u00e1ntica se form\u00f3 hoy al oeste de las Azores.<\/p><div class=\"notic-content-middle\" id=\"notic-3328455120\"><div class=\"notic-adlabel\">Advertisements<\/div><a data-no-instant=\"1\" href=\"https:\/\/www.asegurate-bien.com\/\" rel=\"noopener\" class=\"a2t-link\" target=\"_blank\" aria-label=\"Acodese-Adaptaciones-Noticel-300&#215;600\"><img loading=\"lazy\" decoding=\"async\" src=\"https:\/\/cdn.noticel.com\/2026\/05\/30094652\/Acodese-Adaptaciones-Noticel-300x600-1.jpg\" alt=\"\"  srcset=\"https:\/\/cdn.noticel.com\/2026\/05\/30094652\/Acodese-Adaptaciones-Noticel-300x600-1.jpg 300w, https:\/\/cdn.noticel.com\/2026\/05\/30094652\/Acodese-Adaptaciones-Noticel-300x600-1-150x300.jpg 150w, https:\/\/cdn.noticel.com\/2026\/05\/30094652\/Acodese-Adaptaciones-Noticel-300x600-1-6x12.jpg 6w\" sizes=\"(max-width: 300px) 100vw, 300px\" width=\"300\" height=\"600\"   \/><\/a><\/div>\n<p>La tormenta se encuentra en 27.0 grados norte y 45.7 oeste y se mueve a 7 millas por hora con vientos de 40 millas por hora.<\/p>\n<p>No se espera que Jerry tenga impacto significativo sobre tierra.<\/p>","protected":false},"excerpt":{"rendered":"<p>El Centro Nacional de Huracanes inform\u00f3 esta ma\u00f1ana de la formaci\u00f3n de la tormenta tropical &#8216;Jerry&#8217;, la decima en lo que va de una temporada de huracanes menos activa de lo pronosticado. Anteriormente, lo que hab\u00eda sido la und\u00e9cima depresi\u00f3n tropical de la temporada de huracanes en la cuenca atl\u00e1ntica se form\u00f3 hoy al oeste [&hellip;]<\/p>","protected":false},"author":0,"featured_media":884671,"comment_status":"closed","ping_status":"closed","sticky":false,"template":"","format":"standard","meta":{"_acf_changed":false,"_monsterinsights_skip_tracking":false,"ep_exclude_from_search":false,"footnotes":""},"categories":[17],"tags":[],"class_list":["post-104861","post","type-post","status-publish","format-standard","has-post-thumbnail","hentry","category-mundo"],"acf":[],"aioseo_notices":[],"_links":{"self":[{"href":"https:\/\/noticel.com\/en\/wp-json\/wp\/v2\/posts\/104861","targetHints":{"allow":["GET"]}}],"collection":[{"href":"https:\/\/noticel.com\/en\/wp-json\/wp\/v2\/posts"}],"about":[{"href":"https:\/\/noticel.com\/en\/wp-json\/wp\/v2\/types\/post"}],"replies":[{"embeddable":true,"href":"https:\/\/noticel.com\/en\/wp-json\/wp\/v2\/comments?post=104861"}],"version-history":[{"count":1,"href":"https:\/\/noticel.com\/en\/wp-json\/wp\/v2\/posts\/104861\/revisions"}],"predecessor-version":[{"id":884703,"href":"https:\/\/noticel.com\/en\/wp-json\/wp\/v2\/posts\/104861\/revisions\/884703"}],"wp:featuredmedia":[{"embeddable":true,"href":"https:\/\/noticel.com\/en\/wp-json\/wp\/v2\/media\/884671"}],"wp:attachment":[{"href":"https:\/\/noticel.com\/en\/wp-json\/wp\/v2\/media?parent=104861"}],"wp:term":[{"taxonomy":"category","embeddable":true,"href":"https:\/\/noticel.com\/en\/wp-json\/wp\/v2\/categories?post=104861"},{"taxonomy":"post_tag","embeddable":true,"href":"https:\/\/noticel.com\/en\/wp-json\/wp\/v2\/tags?post=104861"}],"curies":[{"name":"wp","href":"https:\/\/api.w.org\/{rel}","templated":true}]}}