{"id":104642,"date":"2014-09-24T15:18:32","date_gmt":"2014-09-24T19:18:32","guid":{"rendered":"http:\/\/www.noticel.com\/ahora\/20140924\/gobierno-federal-extiende-plan-de-flexibilidad-al-de-documento\/"},"modified":"2025-07-18T09:57:10","modified_gmt":"2025-07-18T09:57:10","slug":"gobierno-federal-extiende-plan-de-flexibilidad-al-de-documento","status":"publish","type":"post","link":"https:\/\/noticel.com\/en\/ultima-hora\/20140924\/gobierno-federal-extiende-plan-de-flexibilidad-al-de-documento\/","title":{"rendered":"Gobierno federal extiende Plan de Flexibilidad al DE (documento)"},"content":{"rendered":"<p>El gobernador Alejandro Garc\u00eda Padilla anunci\u00f3 este miercoles la extensi\u00f3n del Plan de Flexibilidad en el Departamento de Educaci\u00f3n (DE) que impone nuevos est\u00e1ndares academicos y permite mayor flexibilidad en el uso de $1,300 millones de fondos federales para invertir en las escuelas que m\u00e1s lo necesiten. Reiter\u00f3 que la extensi\u00f3n est\u00e1 basada &#8216;en el progreso que Puerto Rico ha demostrado en el cumplimiento&#8217;.<\/p>\n<p>El Plan se implementa tras el incumplimiento del Estado con la Ley federal No Child Left Behind Act (Ning\u00fan ni\u00f1o rezagado), que exige que todas las escuelas alcancen el 100% de proficiencia acad\u00e9mica. Puerto Rico es uno de solamente 23 estados que, desde el pasado 3 de julio, han logrado una extensi\u00f3n, seg\u00fan datos oficiales. La misma permite al DE continuar trabajando en la implementaci\u00f3n de reformas educativas para mejorar el rendimiento de todos los estudiantes.<\/p>\n<p>El Plan de Flexibilidad es un mecanismo aprobado por el gobierno del presidente Barack Obama, que permite flexibilizar ciertas disposiciones de la Ley de Educaci\u00f3n Primaria y Secundaria, conocida en ingl\u00e9s como la ley No Child Left Behind.<\/p>\n<p>Seg\u00fan el Gobernador, esto ha sido posible ya que el DE ha demostrado al gobierno federal que est\u00e1 cumpliendo con la revisi\u00f3n de est\u00e1ndares educativos, creaci\u00f3n de materiales curriculares, integraci\u00f3n de las universidades, protocolo de desarrollo profesional, nueva clasificaci\u00f3n de escuelas y creaci\u00f3n del sistema de evaluaci\u00f3n.<\/p>\n<p>&#8216;La extensi\u00f3n del Plan nos permite, sobre todo, continuar con la reorganizaci\u00f3n de la agencia, fortalecer los distritos para que los servicios a los estudiantes y la docencia est\u00e9n donde se necesitan, y establecer incentivos a las escuelas de excelencia&#8217;, afirm\u00f3 Garc\u00eda Padilla.<\/p>\n<p>Permite, adem\u00e1s, mayor flexibilidad en el uso del presupuesto de cerca de $1,300 millones, o 20% del presupuesto total de las escuelas, para intervenciones acad\u00e9micas, sin necesidad de ofrecer las tutor\u00edas que eran requeridas en el pasado. Estas tutor\u00edas fueron eliminadas por la Administraci\u00f3n Garc\u00eda Padilla, en lo que represent\u00f3 un recorte de $140 millones provenientes de fondos federales, que se dijo ser\u00edan invertidos en mejoras f\u00edsicas a las escuelas y en mayores recursos a los salones de clases. El rendimiento de estos servicios de tutor\u00edas hab\u00edan sido cuestionados debido a que no reflejaban mejor\u00eda en las pruebas estandarizadas, as\u00ed como a la existencia de contratos para compa\u00f1\u00edas asociadas al exactivista pol\u00edtico del Partido Nuevo Progresista (PNP), F\u00e9lix Plaud.<\/p>\n<p>De igual manera, el Plan de Flexibilidad impuso unas condiciones especiales, que incluyen el Programa School Improvement Grant (SIG), que asigna fondos para el mejoramiento de escuelas y requiere la creaci\u00f3n de una gu\u00eda de incentivos y un calendario para evidenciar el aumento en el tiempo escolar; ambos requerimientos ya fueron completados.<\/p>\n<p>La segunda condici\u00f3n especial requer\u00eda someter planes de acci\u00f3n correctiva para dar por terminados los se\u00f1alamientos previos de auditor\u00eda; esto se cumpli\u00f3, por lo cual esta condici\u00f3n fue eliminada. La tercera condici\u00f3n especial se refiere a unas gu\u00edas del sistema de evaluaci\u00f3n para el apoyo al personal docente, lo cual tambi\u00e9n se cumpli\u00f3.<\/p><div class=\"notic-content-middle\" id=\"notic-1608625863\"><div class=\"notic-adlabel\">Advertisements<\/div><a data-no-instant=\"1\" href=\"https:\/\/qrco.de\/bgxd5v\" rel=\"noopener\" class=\"a2t-link\" target=\"_blank\" aria-label=\"DisplayAds-970&#215;2502\"><img loading=\"lazy\" decoding=\"async\" src=\"https:\/\/cdn.noticel.com\/2026\/09\/02200838\/DisplayAds-970x2502-1.jpg\" alt=\"\"  srcset=\"https:\/\/cdn.noticel.com\/2026\/09\/02200838\/DisplayAds-970x2502-1.jpg 970w, https:\/\/cdn.noticel.com\/2026\/09\/02200838\/DisplayAds-970x2502-1-300x77.jpg 300w, https:\/\/cdn.noticel.com\/2026\/09\/02200838\/DisplayAds-970x2502-1-768x198.jpg 768w, https:\/\/cdn.noticel.com\/2026\/09\/02200838\/DisplayAds-970x2502-1-18x5.jpg 18w\" sizes=\"(max-width: 970px) 100vw, 970px\" width=\"970\" height=\"250\"   \/><\/a><\/div>\n<p>Sin embargo, la cuarta y \u00faltima condici\u00f3n especial, que se refiere a llamadas trimestrales en las cuales se discuten las acciones y se evidencia el progreso, se mantiene &#8216;ya que sirve para varios prop\u00f3sitos&#8217;, inform\u00f3 el Primer Ejecutivo. De hecho, tan reciente como el lunes, el DE recibi\u00f3 la &#8216;visita&#8217; de una <a href=\"http:\/\/noticel.com\/en\/noticia\/166338\/federales-invaden-el-departamento-de-educacion-para-auditoria.html\/\">unidad de manejo de riesgos<\/a> del Departamento de Educaci\u00f3n federal para revisar el tiempo que transcurre desde la identificaci\u00f3n de una necesidad de jornada hasta la aprobaci\u00f3n final, que a veces demora meses en ser asignados. Fuentes de este diario indicaron que se trataba de una &#8216;auditor\u00eda&#8217;, aunque el Secretario prefiri\u00f3 el t\u00e9rmino &#8216;reuniones de trabajo&#8217;.<\/p>\n<p>Rom\u00e1n inform\u00f3 que dentro de las oportunidades educativas que permite el Plan, este a\u00f1o se implementar\u00e1 de forma piloto en 223 escuelas, el sistema de evaluaci\u00f3n a los docentes para &#8216;ofrecer apoyo y fomentar el liderazgo&#8217;. En 2015, se espera implementar en todas las escuelas del pa\u00eds. La evaluaci\u00f3n incluye las \u00e1reas que los maestros y directores deben mejorar para entonces hacerles un plan correctivo a tres a\u00f1os. &#8216;Va a permitir que el director de escuela y el distrito escolar se pueda enfocar en aquellos maestros que s\u00ed tienen necesidad, y obviamente va a haber consecuencias&#8217;, precis\u00f3.<\/p>\n<p>Indic\u00f3, adem\u00e1s, que fortalecer\u00e1n las escuelas con mayor necesidad a trav\u00e9s de una red de apoyo diferenciado, que se ofrecer\u00e1 en coordinaci\u00f3n con el distrito escolar, asistencia al director y a los maestros por medio de un sistema continuo de desarrollo profesional. Estas acciones estar\u00e1n enmarcadas en un monitoreo acad\u00e9mico continuo para lograr cada una de las metas diferenciadas que permite el Plan de Flexibilidad.<\/p>\n<p>Sobre este particular, el Gobernador reiter\u00f3 que el programa puede incluir remover a los maestros que luego de tres a\u00f1os no cumplan con las expectativas. &#8216;Los maestros que cumplen no les molesta que se les eval\u00fae&#8217;, contest\u00f3.<\/p>\n<p>*Vea tambi\u00e9n:<\/p>\n<p><a href=\"https:\/\/noticel.com\/en\/noticia\/164882\/educacion-le-pondra-coaches-a-los-maestros.html\/\">Educaci\u00f3n le pondr\u00e1 &#8216;coaches&#8217; a los maestros<\/a><\/p>\n<p><a href=\"http:\/\/noticel.com\/en\/noticia\/149040\/disposicion-federal-que-flexibiliza-educacion-se-implanta-por-fin-en-pr.html\/\">Disposici\u00f3n federal que &#8216;flexibiliza&#8217; educaci\u00f3n se implanta por fin en P.R.<\/a><\/p>\n<p><a href=\"https:\/\/media.noticel.com\/o2com-noti-media-us-east-1\/document_dev\/2017\/08\/23\/b4050c211d5471e260027841fee370d8_8199990_ver1.0.pdf\" target=\"_blank\"> b4050c211d5471e260027841fee370d8.pdf_8735<\/a><\/p>","protected":false},"excerpt":{"rendered":"<p>El gobernador Alejandro Garc\u00eda Padilla anunci\u00f3 este miercoles la extensi\u00f3n del Plan de Flexibilidad en el Departamento de Educaci\u00f3n (DE) que impone nuevos est\u00e1ndares academicos y permite mayor flexibilidad en el uso de $1,300 millones de fondos federales para invertir en las escuelas que m\u00e1s lo necesiten. Reiter\u00f3 que la extensi\u00f3n est\u00e1 basada &#8216;en el [&hellip;]<\/p>","protected":false},"author":0,"featured_media":512370,"comment_status":"closed","ping_status":"closed","sticky":false,"template":"","format":"standard","meta":{"_acf_changed":false,"_monsterinsights_skip_tracking":false,"ep_exclude_from_search":false,"footnotes":""},"categories":[2],"tags":[],"class_list":["post-104642","post","type-post","status-publish","format-standard","has-post-thumbnail","hentry","category-ultima-hora"],"acf":[],"aioseo_notices":[],"_links":{"self":[{"href":"https:\/\/noticel.com\/en\/wp-json\/wp\/v2\/posts\/104642","targetHints":{"allow":["GET"]}}],"collection":[{"href":"https:\/\/noticel.com\/en\/wp-json\/wp\/v2\/posts"}],"about":[{"href":"https:\/\/noticel.com\/en\/wp-json\/wp\/v2\/types\/post"}],"replies":[{"embeddable":true,"href":"https:\/\/noticel.com\/en\/wp-json\/wp\/v2\/comments?post=104642"}],"version-history":[{"count":1,"href":"https:\/\/noticel.com\/en\/wp-json\/wp\/v2\/posts\/104642\/revisions"}],"predecessor-version":[{"id":512376,"href":"https:\/\/noticel.com\/en\/wp-json\/wp\/v2\/posts\/104642\/revisions\/512376"}],"wp:featuredmedia":[{"embeddable":true,"href":"https:\/\/noticel.com\/en\/wp-json\/wp\/v2\/media\/512370"}],"wp:attachment":[{"href":"https:\/\/noticel.com\/en\/wp-json\/wp\/v2\/media?parent=104642"}],"wp:term":[{"taxonomy":"category","embeddable":true,"href":"https:\/\/noticel.com\/en\/wp-json\/wp\/v2\/categories?post=104642"},{"taxonomy":"post_tag","embeddable":true,"href":"https:\/\/noticel.com\/en\/wp-json\/wp\/v2\/tags?post=104642"}],"curies":[{"name":"wp","href":"https:\/\/api.w.org\/{rel}","templated":true}]}}