{"id":104479,"date":"2012-11-11T14:35:11","date_gmt":"2012-11-11T18:35:11","guid":{"rendered":"http:\/\/www.noticel.com\/ahora\/20121111\/agradecido-bhatia-con-el-apoyo-ahora-mutis-hasta-el-caucus\/"},"modified":"2025-08-25T13:56:57","modified_gmt":"2025-08-25T13:56:57","slug":"agradecido-bhatia-con-el-apoyo-ahora-mutis-hasta-el-caucus","status":"publish","type":"post","link":"https:\/\/noticel.com\/en\/ultima-hora\/20121111\/agradecido-bhatia-con-el-apoyo-ahora-mutis-hasta-el-caucus\/","title":{"rendered":"Agradecido Bhatia con el apoyo; ahora mutis hasta el caucus"},"content":{"rendered":"<p>Luego que los contendientes mencionados en la esfera p\u00fablica para asumir la presidencia del Senado, durante el pr\u00f3ximo cuatrienio, abrieran paso para que el senador Eduardo Bhatia Gautier, asuma dicha posici\u00f3n, el reelecto legislador se mostr\u00f3 agradecido del apoyo, a la vez que asegur\u00f3 que no emitir\u00e1 otros comentarios al respecto, hasta tanto se celebre la reuni\u00f3n del caucus.<\/p>\n<p>&#8216;Agradezco infinitamente el apoyo recibido por el pueblo durante los pasados meses y durante la pasada semana. De igual forma, quiero expresar mi m\u00e1s sincero agradecimiento por el respaldo genuino y desinteresado que me han dado mis compa\u00f1eros y compa\u00f1eras en el Senado de Puerto Rico&#8217; expres\u00f3 Bhatiaen comunicaci\u00f3n escrita.<\/p>\n<p>Referente al endoso p\u00fablico recibido para la liderar la C\u00e1mara Alta,BhatiaGautierse mostr\u00f3 agradecido y sostuvo que &#8216;una vez el gobernador electo, Alejandro Garc\u00eda Padilla convoque elcaucusdel Senado, discutiremos este y otros asuntos de importancia para poder comenzar a materializar nuestro plan de trabajo&#8217; aseguro para en igual forma decir que no emitir\u00e1 mas comentarios &#8216;en deferencia al gobernador electo&#8217; hasta tanto no se lleve a cabo la reuni\u00f3n del caucus popular.<\/p><div class=\"notic-content-middle\" id=\"notic-1927567621\"><div class=\"notic-adlabel\">Advertisements<\/div><a data-no-instant=\"1\" href=\"https:\/\/www.asegurate-bien.com\/\" rel=\"noopener\" class=\"a2t-link\" target=\"_blank\" aria-label=\"Acodese-Adaptaciones-Noticel-300&#215;250\"><img loading=\"lazy\" decoding=\"async\" src=\"https:\/\/cdn.noticel.com\/2026\/05\/30094423\/Acodese-Adaptaciones-Noticel-300x250-1.jpg\" alt=\"\"  srcset=\"https:\/\/cdn.noticel.com\/2026\/05\/30094423\/Acodese-Adaptaciones-Noticel-300x250-1.jpg 300w, https:\/\/cdn.noticel.com\/2026\/05\/30094423\/Acodese-Adaptaciones-Noticel-300x250-1-14x12.jpg 14w\" sizes=\"(max-width: 300px) 100vw, 300px\" width=\"300\" height=\"250\"   \/><\/a><\/div>\n<p>M\u00e1s temprano <a href=\"https:\/\/noticel.com\/en\/noticia\/133098\/cirilo-tirado-apoya-a-bhatia-para-presidir-senado-agp-le-agradece.html\/\">el senador Cirilo Tirado, quien era mencionado como el legislador con igual apoyo que Bhatia<\/a> para asumir la presidencia de la C\u00e1mara Alta, declin\u00f3 de sus aspiraciones.<\/p>\n<p>Asimismo Bhatia, quien fue el senador popular con m\u00e1s votos en las pasadas elecciones asegur\u00f3 que &#8216;mi norte es seguir trabajando por el bien de Puerto Rico con una nueva mayor\u00eda en el Senado. Seg\u00fan me compromet\u00ed con el pueblo, ser\u00e1 un senado de apertura, de inclusividad, de puertas abiertas y para la gente. Es hora de que la agenda ciudadana tome forma y curso en un nuevo Pa\u00eds. El mandato del pueblo fue claro y as\u00ed lo cumpliremos&#8217;.<\/p>","protected":false},"excerpt":{"rendered":"<p>Luego que los contendientes mencionados en la esfera p\u00fablica para asumir la presidencia del Senado, durante el pr\u00f3ximo cuatrienio, abrieran paso para que el senador Eduardo Bhatia Gautier, asuma dicha posici\u00f3n, el reelecto legislador se mostr\u00f3 agradecido del apoyo, a la vez que asegur\u00f3 que no emitir\u00e1 otros comentarios al respecto, hasta tanto se celebre [&hellip;]<\/p>","protected":false},"author":0,"featured_media":911911,"comment_status":"closed","ping_status":"closed","sticky":false,"template":"","format":"standard","meta":{"_acf_changed":false,"_monsterinsights_skip_tracking":false,"ep_exclude_from_search":false,"footnotes":""},"categories":[2],"tags":[],"class_list":["post-104479","post","type-post","status-publish","format-standard","has-post-thumbnail","hentry","category-ultima-hora"],"acf":[],"aioseo_notices":[],"_links":{"self":[{"href":"https:\/\/noticel.com\/en\/wp-json\/wp\/v2\/posts\/104479","targetHints":{"allow":["GET"]}}],"collection":[{"href":"https:\/\/noticel.com\/en\/wp-json\/wp\/v2\/posts"}],"about":[{"href":"https:\/\/noticel.com\/en\/wp-json\/wp\/v2\/types\/post"}],"replies":[{"embeddable":true,"href":"https:\/\/noticel.com\/en\/wp-json\/wp\/v2\/comments?post=104479"}],"version-history":[{"count":1,"href":"https:\/\/noticel.com\/en\/wp-json\/wp\/v2\/posts\/104479\/revisions"}],"predecessor-version":[{"id":911923,"href":"https:\/\/noticel.com\/en\/wp-json\/wp\/v2\/posts\/104479\/revisions\/911923"}],"wp:featuredmedia":[{"embeddable":true,"href":"https:\/\/noticel.com\/en\/wp-json\/wp\/v2\/media\/911911"}],"wp:attachment":[{"href":"https:\/\/noticel.com\/en\/wp-json\/wp\/v2\/media?parent=104479"}],"wp:term":[{"taxonomy":"category","embeddable":true,"href":"https:\/\/noticel.com\/en\/wp-json\/wp\/v2\/categories?post=104479"},{"taxonomy":"post_tag","embeddable":true,"href":"https:\/\/noticel.com\/en\/wp-json\/wp\/v2\/tags?post=104479"}],"curies":[{"name":"wp","href":"https:\/\/api.w.org\/{rel}","templated":true}]}}