{"id":104448,"date":"2015-12-07T08:35:00","date_gmt":"2015-12-07T12:35:00","guid":{"rendered":"http:\/\/www.noticel.com\/la-calle\/20151207\/identifican-sujeto-asesinado-en-negocio-de-hato-rey\/"},"modified":"2025-07-25T14:13:00","modified_gmt":"2025-07-25T14:13:00","slug":"identifican-sujeto-asesinado-en-negocio-de-hato-rey","status":"publish","type":"post","link":"https:\/\/noticel.com\/en\/noticias\/la-calle\/20151207\/identifican-sujeto-asesinado-en-negocio-de-hato-rey\/","title":{"rendered":"Identifican sujeto asesinado en negocio de Hato Rey"},"content":{"rendered":"<p>La Polic\u00eda identific\u00f3 al individuo que fue asesinado en una balacera ocurrida la madrugada del domingo en el negocio El Biombo en la calle Pepe D\u00edaz, en la barrida Las Monjas de Hato Rey, en la que otras seis personas resultaron heridas.<\/p>\n<p>De acuerdo con las autoridades, el occiso fue identificado como Elby Calder\u00f3n de Azas de 35 a\u00f1os, quien muri\u00f3 en el lugar tras la balacera cuyo detonante fue una discusi\u00f3n.<\/p>\n<p>Mientras, la Polic\u00eda indic\u00f3 que al Hospital Belaval en Santurce llegaron dos personas que aparentemente fueron baleadas en el mismo lugar. \u00c9stos fueron identificados como Alv\u00edn Inoa Gonz\u00e1lez, de 21 a\u00f1os, quien sufri\u00f3 heridas leves y Amanda Osorio, de 22 a\u00f1os, quien fue herida de cuidado y fue referida al Centro M\u00e9dico en R\u00edo Piedras.<\/p>\n<p>Por otra parte, al Hospital Dr. Center llegaron N\u00e9stor Covas Fern\u00e1ndez y Jessica Irizarry P\u00e9rez, de 22 a\u00f1os. El sujeto est\u00e1 herido de cuidado y tambi\u00e9n fue referido al Centro M\u00e9dico, mientras que la joven fue herida de car\u00e1cter leve.<\/p><div class=\"notic-content-middle\" id=\"notic-4236966014\"><div class=\"notic-adlabel\">Advertisements<\/div><a data-no-instant=\"1\" href=\"https:\/\/www.asegurate-bien.com\/\" rel=\"noopener\" class=\"a2t-link\" target=\"_blank\" aria-label=\"Acodese-Adaptaciones-Noticel-728&#215;90\"><img loading=\"lazy\" decoding=\"async\" src=\"https:\/\/cdn.noticel.com\/2026\/07\/30095222\/Acodese-Adaptaciones-Noticel-728x90-1.jpg\" alt=\"\"  srcset=\"https:\/\/cdn.noticel.com\/2026\/07\/30095222\/Acodese-Adaptaciones-Noticel-728x90-1.jpg 728w, https:\/\/cdn.noticel.com\/2026\/07\/30095222\/Acodese-Adaptaciones-Noticel-728x90-1-300x37.jpg 300w, https:\/\/cdn.noticel.com\/2026\/07\/30095222\/Acodese-Adaptaciones-Noticel-728x90-1-18x2.jpg 18w\" sizes=\"(max-width: 728px) 100vw, 728px\" width=\"728\" height=\"90\"   \/><\/a><\/div>\n<p>Otras dos personas heridas de bala llegaron al Hospital Pav\u00eda. \u00c9stos fueron identificados como Mart\u00edn Reyes Peralta, de 51 a\u00f1os y Antonio Mauricio Bonilla de 44 a\u00f1os. Ambos resultaron heridos leves.<\/p>\n<p>El sargento Maximino Valent\u00edn adscrito al Cuerpo de Investigaciones Criminales (CIC) de San Juan investiga los hechos junto al fiscal Dar\u00edo Vissep\u00f3.<\/p>\n<p>Se exhorta a la ciudadan\u00eda comunicarse con la Polic\u00eda de manera confidencial si posee informaci\u00f3n que ayude a esclarecer un delito a trav\u00e9s del 787-343-2020.<\/p>","protected":false},"excerpt":{"rendered":"<p>La Polic\u00eda identific\u00f3 al individuo que fue asesinado en una balacera ocurrida la madrugada del domingo en el negocio El Biombo en la calle Pepe D\u00edaz, en la barrida Las Monjas de Hato Rey, en la que otras seis personas resultaron heridas. De acuerdo con las autoridades, el occiso fue identificado como Elby Calder\u00f3n de [&hellip;]<\/p>","protected":false},"author":0,"featured_media":574452,"comment_status":"closed","ping_status":"closed","sticky":false,"template":"","format":"standard","meta":{"_acf_changed":false,"_monsterinsights_skip_tracking":false,"ep_exclude_from_search":false,"footnotes":""},"categories":[12],"tags":[],"class_list":["post-104448","post","type-post","status-publish","format-standard","has-post-thumbnail","hentry","category-la-calle"],"acf":[],"aioseo_notices":[],"_links":{"self":[{"href":"https:\/\/noticel.com\/en\/wp-json\/wp\/v2\/posts\/104448","targetHints":{"allow":["GET"]}}],"collection":[{"href":"https:\/\/noticel.com\/en\/wp-json\/wp\/v2\/posts"}],"about":[{"href":"https:\/\/noticel.com\/en\/wp-json\/wp\/v2\/types\/post"}],"replies":[{"embeddable":true,"href":"https:\/\/noticel.com\/en\/wp-json\/wp\/v2\/comments?post=104448"}],"version-history":[{"count":1,"href":"https:\/\/noticel.com\/en\/wp-json\/wp\/v2\/posts\/104448\/revisions"}],"predecessor-version":[{"id":574469,"href":"https:\/\/noticel.com\/en\/wp-json\/wp\/v2\/posts\/104448\/revisions\/574469"}],"wp:featuredmedia":[{"embeddable":true,"href":"https:\/\/noticel.com\/en\/wp-json\/wp\/v2\/media\/574452"}],"wp:attachment":[{"href":"https:\/\/noticel.com\/en\/wp-json\/wp\/v2\/media?parent=104448"}],"wp:term":[{"taxonomy":"category","embeddable":true,"href":"https:\/\/noticel.com\/en\/wp-json\/wp\/v2\/categories?post=104448"},{"taxonomy":"post_tag","embeddable":true,"href":"https:\/\/noticel.com\/en\/wp-json\/wp\/v2\/tags?post=104448"}],"curies":[{"name":"wp","href":"https:\/\/api.w.org\/{rel}","templated":true}]}}