{"id":103814,"date":"2017-11-04T15:17:02","date_gmt":"2017-11-04T19:17:02","guid":{"rendered":"http:\/\/www.noticel.com\/ahora\/el-tiempo\/huracanes\/20171104\/vega-alta-recibe-ayuda\/"},"modified":"2025-07-29T01:58:45","modified_gmt":"2025-07-29T01:58:45","slug":"vega-alta-recibe-ayuda","status":"publish","type":"post","link":"https:\/\/noticel.com\/en\/ultima-hora\/20171104\/vega-alta-recibe-ayuda\/","title":{"rendered":"Vega Alta recibe ayuda"},"content":{"rendered":"<p><i>De parte de &#8216;Familias para el Futuro&#8217;<\/i><\/p>\n<p>El alcalde de Vega Alta, Oscar &#8216;Can&#8217; Santiago, recibi\u00f3 a los directivos de la organizaci\u00f3n &#8216;Familias para el Futuro&#8217;, entidad sin fines de lucro que realiza obras de ayuda social en pa\u00edses v\u00edctimas de desastres naturales.<\/p>\n<p>El grupo destin\u00f3 ayuda masiva para varios pueblos de Puerto Rico. En el caso de Vega Alta, se recibieron cientos de cajas de agua embotellada, as\u00ed como alimentos de distinto tipo y art\u00edculos de higiene personal.<\/p>\n<p>&#8216;Estamos eternamente agradecidos del pastor Pedro Nieves y su hemano Orbis, quienes viajaron a la Isla para hacer entrega de esta ayuda tan necesaria para nosotros. Ya desde hoy mismo estamos distribuyendo la ayuda&#8217;, expres\u00f3 Santiago mediante declaraciones escritas.<\/p><div class=\"notic-content-middle\" id=\"notic-3441325007\"><div class=\"notic-adlabel\">Advertisements<\/div><a data-no-instant=\"1\" href=\"https:\/\/www.asegurate-bien.com\/\" rel=\"noopener\" class=\"a2t-link\" target=\"_blank\" aria-label=\"Acodese-Adaptaciones-Noticel-728&#215;90\"><img loading=\"lazy\" decoding=\"async\" src=\"https:\/\/cdn.noticel.com\/2026\/07\/30095222\/Acodese-Adaptaciones-Noticel-728x90-1.jpg\" alt=\"\"  srcset=\"https:\/\/cdn.noticel.com\/2026\/07\/30095222\/Acodese-Adaptaciones-Noticel-728x90-1.jpg 728w, https:\/\/cdn.noticel.com\/2026\/07\/30095222\/Acodese-Adaptaciones-Noticel-728x90-1-300x37.jpg 300w, https:\/\/cdn.noticel.com\/2026\/07\/30095222\/Acodese-Adaptaciones-Noticel-728x90-1-18x2.jpg 18w\" sizes=\"(max-width: 728px) 100vw, 728px\" width=\"728\" height=\"90\"   \/><\/a><\/div>\n<p>Por su parte, Nieves destac\u00f3 que &#8216;este ha sido un a\u00f1o bien activo para nosotros por tantas calamidades que hemos querido atender, tanto en Estados Unidos como en otros lugares, pero por supuesto no \u00edbamos a olvidar a Puerto Rico&#8217;.<\/p>\n<p>El l\u00edder religioso destac\u00f3 que la ayuda tard\u00f3 m\u00e1s de lo planificado, porque hay escasez de vagones en Fort Lauderdale, sumado al proceso burocr\u00e1tico de enviar materiales y equipo por v\u00eda mar\u00edtima.<\/p>\n<p>&#8216;Dos d\u00edas despues del azote del Hurac\u00e1n Mar\u00eda a la Isla est\u00e1bamos trabajando en la log\u00edstica de entrega, y ciertamente las aportaciones fueron generosas. Gracias a Dios pudimos cumplir con lo prometido y agradecemos tambien al Sr. Pantoja de Telemundo, quien nos ayud\u00f3 en la coordinaci\u00f3n&#8217;, puntualiz\u00f3 Nieves.<\/p>\n<p>Finalmente, Santiago inform\u00f3 que el municipio ampli\u00f3 la atenci\u00f3n a los afectados por el hurac\u00e1n Mar\u00eda estableciendo entrega de suministros en la ma\u00f1ana y tambien despues de las 3:00 de la tarde.<\/p>","protected":false},"excerpt":{"rendered":"<p>De parte de &#8216;Familias para el Futuro&#8217; El alcalde de Vega Alta, Oscar &#8216;Can&#8217; Santiago, recibi\u00f3 a los directivos de la organizaci\u00f3n &#8216;Familias para el Futuro&#8217;, entidad sin fines de lucro que realiza obras de ayuda social en pa\u00edses v\u00edctimas de desastres naturales. El grupo destin\u00f3 ayuda masiva para varios pueblos de Puerto Rico. En [&hellip;]<\/p>","protected":false},"author":0,"featured_media":604820,"comment_status":"closed","ping_status":"closed","sticky":false,"template":"","format":"standard","meta":{"_acf_changed":false,"_monsterinsights_skip_tracking":false,"ep_exclude_from_search":false,"footnotes":""},"categories":[18,19,2],"tags":[],"class_list":["post-103814","post","type-post","status-publish","format-standard","has-post-thumbnail","hentry","category-el-tiempo","category-huracanes","category-ultima-hora"],"acf":[],"aioseo_notices":[],"_links":{"self":[{"href":"https:\/\/noticel.com\/en\/wp-json\/wp\/v2\/posts\/103814","targetHints":{"allow":["GET"]}}],"collection":[{"href":"https:\/\/noticel.com\/en\/wp-json\/wp\/v2\/posts"}],"about":[{"href":"https:\/\/noticel.com\/en\/wp-json\/wp\/v2\/types\/post"}],"replies":[{"embeddable":true,"href":"https:\/\/noticel.com\/en\/wp-json\/wp\/v2\/comments?post=103814"}],"version-history":[{"count":1,"href":"https:\/\/noticel.com\/en\/wp-json\/wp\/v2\/posts\/103814\/revisions"}],"predecessor-version":[{"id":604848,"href":"https:\/\/noticel.com\/en\/wp-json\/wp\/v2\/posts\/103814\/revisions\/604848"}],"wp:featuredmedia":[{"embeddable":true,"href":"https:\/\/noticel.com\/en\/wp-json\/wp\/v2\/media\/604820"}],"wp:attachment":[{"href":"https:\/\/noticel.com\/en\/wp-json\/wp\/v2\/media?parent=103814"}],"wp:term":[{"taxonomy":"category","embeddable":true,"href":"https:\/\/noticel.com\/en\/wp-json\/wp\/v2\/categories?post=103814"},{"taxonomy":"post_tag","embeddable":true,"href":"https:\/\/noticel.com\/en\/wp-json\/wp\/v2\/tags?post=103814"}],"curies":[{"name":"wp","href":"https:\/\/api.w.org\/{rel}","templated":true}]}}