{"id":103547,"date":"2016-05-04T06:32:00","date_gmt":"2016-05-04T10:32:00","guid":{"rendered":"http:\/\/www.noticel.com\/la-calle\/20160504\/acumulaciones-significativas-de-lluvia\/"},"modified":"2025-07-30T04:15:17","modified_gmt":"2025-07-30T04:15:17","slug":"acumulaciones-significativas-de-lluvia","status":"publish","type":"post","link":"https:\/\/noticel.com\/en\/noticias\/la-calle\/20160504\/acumulaciones-significativas-de-lluvia\/","title":{"rendered":"Acumulaciones significativas de lluvia"},"content":{"rendered":"<p>El Servicio Nacional de Meteorolog\u00eda (SNM) pronostic\u00f3 que para esta tarde aguaceros y tronadas se desarrollar\u00e1n especialmente sobre el noroeste de Puerto Rico y el noroeste del El Yunque sobre partes de Carolina y el \u00e1rea metropolitana de San Juan.<\/p>\n<p>Algunas de las acumulaciones se esperan que sean significativas con inundaciones urbanas y de peque\u00f1os riachuelos localizados. Las temperaturas m\u00e1ximas estar\u00e1n entre los medios 70 grados en las monta\u00f1as m\u00e1s altas a bajos 90 grados en la costa del sur.<\/p>\n<p>Aunque las lluvias fuertes disminuir\u00e1n levemente en cobertura durante el resto de la semana hasta por lo menos el viernes, aguaceros y tronadas se desarrollar\u00e1n en algunas partes de las islas con lluvias muy fuertes cada d\u00eda esta semana.<\/p><div class=\"notic-content-middle\" id=\"notic-1427480701\"><div class=\"notic-adlabel\">Advertisements<\/div><a data-no-instant=\"1\" href=\"https:\/\/www.asegurate-bien.com\/\" rel=\"noopener\" class=\"a2t-link\" target=\"_blank\" aria-label=\"Acodese-Adaptaciones-Noticel-300&#215;600\"><img loading=\"lazy\" decoding=\"async\" src=\"https:\/\/cdn.noticel.com\/2026\/05\/30094652\/Acodese-Adaptaciones-Noticel-300x600-1.jpg\" alt=\"\"  srcset=\"https:\/\/cdn.noticel.com\/2026\/05\/30094652\/Acodese-Adaptaciones-Noticel-300x600-1.jpg 300w, https:\/\/cdn.noticel.com\/2026\/05\/30094652\/Acodese-Adaptaciones-Noticel-300x600-1-150x300.jpg 150w, https:\/\/cdn.noticel.com\/2026\/05\/30094652\/Acodese-Adaptaciones-Noticel-300x600-1-6x12.jpg 6w\" sizes=\"(max-width: 300px) 100vw, 300px\" width=\"300\" height=\"600\"   \/><\/a><\/div>\n<p>Los marineros podr\u00e1n esperar oleaje hasta cinco pies y vientos entre cinco y 15 nudos a trav\u00e9s de las aguas locales. Aguaceros y tronadas son posibles hasta por lo menos mediados de la semana sobre porciones de las aguas costeras.<\/p>\n<p>El cielo prevaleci\u00f3 mayormente nublado a trav\u00e9s de Puerto Rico durante la noche. Aguaceros dispersos a numerosos fueron observados sobre las aguas costeras del Caribe. Algunos de estos aguaceros afectaron los sectores sureste y este de la isla.<\/p>\n<p>Las temperaturas estuvieron en los medios a altos 70 grados y los vientos estuvieron leves y variables.<\/p>","protected":false},"excerpt":{"rendered":"<p>El Servicio Nacional de Meteorolog\u00eda (SNM) pronostic\u00f3 que para esta tarde aguaceros y tronadas se desarrollar\u00e1n especialmente sobre el noroeste de Puerto Rico y el noroeste del El Yunque sobre partes de Carolina y el \u00e1rea metropolitana de San Juan. Algunas de las acumulaciones se esperan que sean significativas con inundaciones urbanas y de peque\u00f1os [&hellip;]<\/p>","protected":false},"author":0,"featured_media":614047,"comment_status":"closed","ping_status":"closed","sticky":false,"template":"","format":"standard","meta":{"_acf_changed":false,"_monsterinsights_skip_tracking":false,"ep_exclude_from_search":false,"footnotes":""},"categories":[12],"tags":[],"class_list":["post-103547","post","type-post","status-publish","format-standard","has-post-thumbnail","hentry","category-la-calle"],"acf":[],"aioseo_notices":[],"_links":{"self":[{"href":"https:\/\/noticel.com\/en\/wp-json\/wp\/v2\/posts\/103547","targetHints":{"allow":["GET"]}}],"collection":[{"href":"https:\/\/noticel.com\/en\/wp-json\/wp\/v2\/posts"}],"about":[{"href":"https:\/\/noticel.com\/en\/wp-json\/wp\/v2\/types\/post"}],"replies":[{"embeddable":true,"href":"https:\/\/noticel.com\/en\/wp-json\/wp\/v2\/comments?post=103547"}],"version-history":[{"count":1,"href":"https:\/\/noticel.com\/en\/wp-json\/wp\/v2\/posts\/103547\/revisions"}],"predecessor-version":[{"id":614061,"href":"https:\/\/noticel.com\/en\/wp-json\/wp\/v2\/posts\/103547\/revisions\/614061"}],"wp:featuredmedia":[{"embeddable":true,"href":"https:\/\/noticel.com\/en\/wp-json\/wp\/v2\/media\/614047"}],"wp:attachment":[{"href":"https:\/\/noticel.com\/en\/wp-json\/wp\/v2\/media?parent=103547"}],"wp:term":[{"taxonomy":"category","embeddable":true,"href":"https:\/\/noticel.com\/en\/wp-json\/wp\/v2\/categories?post=103547"},{"taxonomy":"post_tag","embeddable":true,"href":"https:\/\/noticel.com\/en\/wp-json\/wp\/v2\/tags?post=103547"}],"curies":[{"name":"wp","href":"https:\/\/api.w.org\/{rel}","templated":true}]}}