{"id":102827,"date":"2015-01-26T15:05:24","date_gmt":"2015-01-26T19:05:24","guid":{"rendered":"http:\/\/www.noticel.com\/deportes\/20150126\/jose-cano-colon-es-homenajeado-por-la-gimnasia-puertorriquena\/"},"modified":"2025-08-17T05:33:28","modified_gmt":"2025-08-17T05:33:28","slug":"jose-cano-colon-es-homenajeado-por-la-gimnasia-puertorriquena","status":"publish","type":"post","link":"https:\/\/noticel.com\/en\/deportes\/20150126\/jose-cano-colon-es-homenajeado-por-la-gimnasia-puertorriquena\/","title":{"rendered":"Jos\u00e9 &#8216;Cano&#8217; Col\u00f3n es homenajeado por la gimnasia puertorrique\u00f1a"},"content":{"rendered":"<p>Caguas &#8211; El entrenador nacional del equipo masculino de la gimnasia art\u00edstica, Jose &#8216;Cano&#8217; Col\u00f3n, fue sorprendido en la noche del domingo por la Federaci\u00f3n Puertorrique\u00f1a de Gimnasia (FPG), organizaci\u00f3n que le dedic\u00f3 la Premiaci\u00f3n a los Valores del A\u00f1o 2014, en una actividad celebrada en la Casa Ol\u00edmpica en el Viejo San Juan.<\/p>\n<p>&#8216;Estoy muy contento. Trabajar por la gimnasia de mi Pa\u00eds es un orgullo. Destacarme como entrenador es una pasi\u00f3n que vivo d\u00eda a d\u00eda agradeci\u00e9ndole a Dios por el privilegio que me otorga. La base del \u00e9xito ha sido respetar, escuchar y confiar en el atleta. El atleta es el que te dice c\u00f3mo se siente con la planificaci\u00f3n y las cargas del entrenamiento. Ellos conf\u00edan en uno y uno en ellos&#8217;, expres\u00f3 Col\u00f3n.<\/p>\n<p>En los pasados cuatro ciclos ol\u00edmpicos, Col\u00f3n se ha destacado en llevar al equipo masculino de la gimnasia art\u00edstica a ganar oro en Juegos Centroamericanos y del Caribe. Natural de Bayam\u00f3n, cuenta con una historia deportiva admirable.<\/p>\n<p>En 1974 se hizo gimnasta cuando cursaba escuela superior. Dedic\u00f3 36 a\u00f1os a la profesi\u00f3n de educador f\u00edsico entre la escuela p\u00fablica y privada. Desde el 1999 tiene las riendas del equipo nacional masculino de Puerto Rico, conquistando los m\u00e1s altos escenarios deportivos: Mundiales, Copas del Mundo, Juegos Centroamericanos, Panamericanos y Ol\u00edmpicos.<\/p>\n<p>La medalla ol\u00edmpica es el logro que busca alcanzar en los pr\u00f3ximos dos a\u00f1os. Ha tenido bajo su tutela atletas como Diego Lizardi, Tommy Ramos, Luis Rivera, &#8216;Tingui&#8217; Vargas, el equipo &#8216;Golden Boys&#8217;, entre otros.<\/p>\n<p>&#8216;A todos los entrenadores que est\u00e1n subiendo, la clave est\u00e1 en buscar alternativas para los atletas. Buscarle la mejor manera para entrenarlos sin que el dolor se apodere de ellos. Siempre habr\u00e1 dolor, pero se puede evitar una lesi\u00f3n con un d\u00eda de descanso que perderlos seis meses. Todo se aprende de las experiencias, yo he tenido tropiezos con grandes maestros de la gimnasia como los cubanos. He estudiado. Se tienen que preparar para llegar al \u00e9xito&#8217;, recalc\u00f3 Col\u00f3n.<\/p>\n<p>En la actividad tambi\u00e9n fueron reconocidos por sulabor la Familia Vargas del gimnasta retirado Luis Felipe &#8216;Tingui&#8217;Vargas por el apoyo incondicional con la Federaci\u00f3n; la terapeuta Marla Agosto; los clubes m\u00e1s destacados; y 100 atletas que representaron al pa\u00eds durante el a\u00f1o en competencias internacionales sobresaliendo los medallista de los Juegos Centroamericanos y del Caribe, Veracruz 2014.<\/p>","protected":false},"excerpt":{"rendered":"<p>Caguas &#8211; El entrenador nacional del equipo masculino de la gimnasia art\u00edstica, Jose &#8216;Cano&#8217; Col\u00f3n, fue sorprendido en la noche del domingo por la Federaci\u00f3n Puertorrique\u00f1a de Gimnasia (FPG), organizaci\u00f3n que le dedic\u00f3 la Premiaci\u00f3n a los Valores del A\u00f1o 2014, en una actividad celebrada en la Casa Ol\u00edmpica en el Viejo San Juan. &#8216;Estoy [&hellip;]<\/p>","protected":false},"author":0,"featured_media":854642,"comment_status":"closed","ping_status":"closed","sticky":false,"template":"","format":"standard","meta":{"_acf_changed":false,"_monsterinsights_skip_tracking":false,"ep_exclude_from_search":false,"footnotes":""},"categories":[31],"tags":[],"class_list":["post-102827","post","type-post","status-publish","format-standard","has-post-thumbnail","hentry","category-deportes"],"acf":[],"aioseo_notices":[],"_links":{"self":[{"href":"https:\/\/noticel.com\/en\/wp-json\/wp\/v2\/posts\/102827","targetHints":{"allow":["GET"]}}],"collection":[{"href":"https:\/\/noticel.com\/en\/wp-json\/wp\/v2\/posts"}],"about":[{"href":"https:\/\/noticel.com\/en\/wp-json\/wp\/v2\/types\/post"}],"replies":[{"embeddable":true,"href":"https:\/\/noticel.com\/en\/wp-json\/wp\/v2\/comments?post=102827"}],"version-history":[{"count":1,"href":"https:\/\/noticel.com\/en\/wp-json\/wp\/v2\/posts\/102827\/revisions"}],"predecessor-version":[{"id":854696,"href":"https:\/\/noticel.com\/en\/wp-json\/wp\/v2\/posts\/102827\/revisions\/854696"}],"wp:featuredmedia":[{"embeddable":true,"href":"https:\/\/noticel.com\/en\/wp-json\/wp\/v2\/media\/854642"}],"wp:attachment":[{"href":"https:\/\/noticel.com\/en\/wp-json\/wp\/v2\/media?parent=102827"}],"wp:term":[{"taxonomy":"category","embeddable":true,"href":"https:\/\/noticel.com\/en\/wp-json\/wp\/v2\/categories?post=102827"},{"taxonomy":"post_tag","embeddable":true,"href":"https:\/\/noticel.com\/en\/wp-json\/wp\/v2\/tags?post=102827"}],"curies":[{"name":"wp","href":"https:\/\/api.w.org\/{rel}","templated":true}]}}