{"id":1022984,"date":"2026-09-06T17:04:17","date_gmt":"2026-09-06T21:04:17","guid":{"rendered":""},"modified":"2026-09-06T17:12:36","modified_gmt":"2026-09-06T21:12:36","slug":"aeropuerto-lmm-mantiene-operaciones-mientras-recibe-vuelos-desviados-por-cierre-temporal-en-miami","status":"publish","type":"post","link":"https:\/\/noticel.com\/en\/noticias\/20260906\/aeropuerto-lmm-mantiene-operaciones-mientras-recibe-vuelos-desviados-por-cierre-temporal-en-miami\/","title":{"rendered":"Aeropuerto LMM \u00a0mantiene operaciones mientras recibe vuelos desviados por cierre temporal en Miami"},"content":{"rendered":"<p><\/p>\n\n\n\n<p>Portavoces de la empresa Aerostar Puerto Rico informaron &nbsp;que las operaciones en el Aeropuerto Internacional Luis Mu\u00f1oz Mar\u00edn (SJU) contin\u00faan mientras se monitorean los efectos de una suspensi\u00f3n temporal de operaciones (ground stop) establecida esta tarde en el Aeropuerto Internacional de Miami (MIA), luego de que un avi\u00f3n de carga de Amazon Prime Air que hab\u00eda partido de San Juan se saliera de la pista al aterrizar en Miami.<\/p>\n\n\n\n<p>Como consecuencia de las restricciones operacionales en MIA, tres vuelos de American Airlines que se encontraban en ruta hacia Miami ser\u00e1n desviados a San Juan:<\/p>\n\n\n\n<p>* AA3465, procedente de Dominica, con llegada estimada a las 3:47 p.m.<br>* AA2691, procedente de Fort-de-France, Martinica, con llegada estimada a las 4:00 p.m.<br>* AA4316, procedente de Maracaibo, Venezuela, con llegada estimada a las 4:45 p.m.<\/p><div class=\"notic-content-middle\" id=\"notic-1294362881\"><div class=\"notic-adlabel\">Advertisements<\/div><a data-no-instant=\"1\" href=\"https:\/\/qrco.de\/bgxd5v\" rel=\"noopener\" class=\"a2t-link\" target=\"_blank\" aria-label=\"DisplayAds-970&#215;2502\"><img loading=\"lazy\" decoding=\"async\" src=\"https:\/\/cdn.noticel.com\/2026\/09\/02200838\/DisplayAds-970x2502-1.jpg\" alt=\"\"  srcset=\"https:\/\/cdn.noticel.com\/2026\/09\/02200838\/DisplayAds-970x2502-1.jpg 970w, https:\/\/cdn.noticel.com\/2026\/09\/02200838\/DisplayAds-970x2502-1-300x77.jpg 300w, https:\/\/cdn.noticel.com\/2026\/09\/02200838\/DisplayAds-970x2502-1-768x198.jpg 768w, https:\/\/cdn.noticel.com\/2026\/09\/02200838\/DisplayAds-970x2502-1-18x5.jpg 18w\" sizes=\"(max-width: 970px) 100vw, 970px\" width=\"970\" height=\"250\"   \/><\/a><\/div>\n\n\n\n<p>Al momento, no se ha informado de una interrupci\u00f3n general de las operaciones en el aeropuerto de San Juan. Sin embargo, los vuelos cuyo destino sea Miami podr\u00edan experimentar cambios mientras permanezcan vigentes las restricciones en ese aeropuerto.<\/p>\n\n\n\n<p>El pr\u00f3ximo vuelo de American Airlines programado desde San Juan hacia Miami mantiene, hasta el momento, su salida para las 4:30 p.m. Si la situaci\u00f3n en MIA se prolonga, pudiera verse afectado.<\/p>\n\n\n\n<p>Aerostar contin\u00faa monitoreando las operaciones y recomienda a los pasajeros con vuelos desde y hacia Miami verificar el estatus de su itinerario directamente con su aerol\u00ednea.<\/p>","protected":false},"excerpt":{"rendered":"<p>Portavoces de la empresa Aerostar Puerto Rico informaron &nbsp;que las operaciones en el Aeropuerto Internacional Luis Mu\u00f1oz Mar\u00edn (SJU) contin\u00faan mientras se monitorean los efectos de una suspensi\u00f3n temporal de operaciones (ground stop) establecida esta tarde en el Aeropuerto Internacional de Miami (MIA), luego de que un avi\u00f3n de carga de Amazon Prime Air que [&hellip;]<\/p>","protected":false},"author":101,"featured_media":953652,"comment_status":"open","ping_status":"open","sticky":false,"template":"","format":"standard","meta":{"_acf_changed":false,"_monsterinsights_skip_tracking":false,"ep_exclude_from_search":false,"footnotes":""},"categories":[4,3],"tags":[6983,6984,135],"class_list":["post-1022984","post","type-post","status-publish","format-standard","has-post-thumbnail","hentry","category-gobierno","category-noticias","tag-aeropuerto-luis-munoz-marin-2","tag-amazon-prime","tag-san-juan"],"acf":[],"aioseo_notices":[],"_links":{"self":[{"href":"https:\/\/noticel.com\/en\/wp-json\/wp\/v2\/posts\/1022984","targetHints":{"allow":["GET"]}}],"collection":[{"href":"https:\/\/noticel.com\/en\/wp-json\/wp\/v2\/posts"}],"about":[{"href":"https:\/\/noticel.com\/en\/wp-json\/wp\/v2\/types\/post"}],"author":[{"embeddable":true,"href":"https:\/\/noticel.com\/en\/wp-json\/wp\/v2\/users\/101"}],"replies":[{"embeddable":true,"href":"https:\/\/noticel.com\/en\/wp-json\/wp\/v2\/comments?post=1022984"}],"version-history":[{"count":2,"href":"https:\/\/noticel.com\/en\/wp-json\/wp\/v2\/posts\/1022984\/revisions"}],"predecessor-version":[{"id":1022987,"href":"https:\/\/noticel.com\/en\/wp-json\/wp\/v2\/posts\/1022984\/revisions\/1022987"}],"wp:featuredmedia":[{"embeddable":true,"href":"https:\/\/noticel.com\/en\/wp-json\/wp\/v2\/media\/953652"}],"wp:attachment":[{"href":"https:\/\/noticel.com\/en\/wp-json\/wp\/v2\/media?parent=1022984"}],"wp:term":[{"taxonomy":"category","embeddable":true,"href":"https:\/\/noticel.com\/en\/wp-json\/wp\/v2\/categories?post=1022984"},{"taxonomy":"post_tag","embeddable":true,"href":"https:\/\/noticel.com\/en\/wp-json\/wp\/v2\/tags?post=1022984"}],"curies":[{"name":"wp","href":"https:\/\/api.w.org\/{rel}","templated":true}]}}