{"id":1022946,"date":"2026-09-06T12:31:37","date_gmt":"2026-09-06T16:31:37","guid":{"rendered":""},"modified":"2026-09-06T12:43:29","modified_gmt":"2026-09-06T16:43:29","slug":"bad-bunny-gana-su-primer-emmy-gracias-a-su-espectaculo-de-medio-tiempo-del-super-bowl","status":"publish","type":"post","link":"https:\/\/noticel.com\/en\/noticias\/20260906\/bad-bunny-gana-su-primer-emmy-gracias-a-su-espectaculo-de-medio-tiempo-del-super-bowl\/","title":{"rendered":"Bad Bunny gana su primer Emmy gracias a su espect\u00e1culo de medio tiempo del Super Bowl"},"content":{"rendered":"<p><\/p>\n\n\n\n<p>LOS ANGELES \u2014 El cantante Bad Bunny gan\u00f3 su primer Emmy en la noche de este s\u00e1bado gracias al espect\u00e1culo de medio tiempo del Super Bowl, durante la ceremonia de entrega de los Creative Arts Emmys, en Los \u00c1ngeles, California, que se celebran antes de la gala televisada, prevista para el pr\u00f3ximo 14 de septiembre.<\/p>\n\n\n\n<p>El show, titulado &#8216;The Apple Music Super Bowl LX Halftime Show Starring Bad Bunny&#8217;, contaba con nueve nominaciones, incluida la del cantante puertorrique\u00f1o, de las cuales tambi\u00e9n se alz\u00f3 con direcci\u00f3n musical, coreograf\u00eda, mezcla de sonido, direcci\u00f3n t\u00e9cnica, dise\u00f1o de iluminaci\u00f3n y direcci\u00f3n de programa especial, sumando un total de siete premios.<\/p>\n\n\n\n<p>El pasado mes de julio, el espect\u00e1culo del artista boricua se convirti\u00f3 en el m\u00e1s nominado de la historia de estos premios, considerados los m\u00e1s importantes de la televisi\u00f3n.<\/p>\n\n\n\n<p>El brasile\u00f1o Miguel Gandelman se hizo con el galard\u00f3n a mejor direcci\u00f3n musical y Charm La&#8217;Donna y Karina Ortiz a la mejor coreograf\u00eda en la categor\u00eda de mejores programas de variedades.<\/p>\n\n\n\n<p>El episodio de Saturday Night Live presentado por el artista en octubre de 2025 tambi\u00e9n obtuvo el reconocimiento a mejor maquillaje en un programa de variedades, no ficci\u00f3n o &#8216;reality&#8217; en esta edici\u00f3n de los Emmy.<\/p>\n\n\n\n<p>En su comentado espect\u00e1culo del Super Bowl, en el que se enfrentaron los equipos de los Seattle Seahawks contra los New England Patriots, Bad Bunny revindic\u00f3 que Am\u00e9rica es todo el continente, no solo Estados Unidos.<\/p><div class=\"notic-content-middle\" id=\"notic-1781006496\"><div class=\"notic-adlabel\">Advertisements<\/div><a data-no-instant=\"1\" href=\"https:\/\/qrco.de\/bgxd5v\" rel=\"noopener\" class=\"a2t-link\" target=\"_blank\" aria-label=\"300X600-SEBUSCA\"><img loading=\"lazy\" decoding=\"async\" src=\"https:\/\/cdn.noticel.com\/2026\/09\/02194007\/300X600-SEBUSCA.jpg\" alt=\"\"  srcset=\"https:\/\/cdn.noticel.com\/2026\/09\/02194007\/300X600-SEBUSCA.jpg 300w, https:\/\/cdn.noticel.com\/2026\/09\/02194007\/300X600-SEBUSCA-150x300.jpg 150w, https:\/\/cdn.noticel.com\/2026\/09\/02194007\/300X600-SEBUSCA-6x12.jpg 6w\" sizes=\"(max-width: 300px) 100vw, 300px\" width=\"300\" height=\"600\"   \/><\/a><\/div>\n\n\n\n<p>El cantante cerr\u00f3 su concierto al grito de &#8216;\u00a1Dios bendiga a Am\u00e9rica!&#8217;, con un bal\u00f3n de f\u00fatbol americano que dec\u00eda &#8216;Together we&#8217;re America&#8217; (&#8216;Juntos somos Am\u00e9rica&#8217;) y un desfile con las banderas y nombres de cada pa\u00eds del continente, desde Chile hasta Canad\u00e1.<\/p>\n\n\n\n<p>Un show que se ha convertido en el espect\u00e1culo de medio tiempo del Super Bowl m\u00e1s nominado de la historia, un r\u00e9cord que ostentaba desde 2017 Lady Gaga, que tambi\u00e9n fue nominada hoy a un Emmy, por la canci\u00f3n &#8216;The Dead Dance&#8217;, de la serie &#8216;Wednesday&#8217;.<\/p>\n\n\n\n<p>La cantante estadounidense fue una de las artistas invitadas al concierto de Bad Bunny en el Super Bowl, donde interpret\u00f3 una versi\u00f3n salsa de su tema con Bruno Mars &#8216;Die With A Smile&#8217; y bail\u00f3 junto al boricua el tema &#8216;Baile Inolvidable&#8217;.<\/p>\n\n\n\n<p>El puertorrique\u00f1o Ricky Martin tambi\u00e9n fue invitado al espect\u00e1culo para cantar una versi\u00f3n ac\u00fastica de la canci\u00f3n de Bad Bunny &#8216;Lo Que Le Pas\u00f3 a Haw\u00e1i&#8217;, en la que compara la gentrificaci\u00f3n y el estatus colonial de Puerto Rico con la anexi\u00f3n de Haw\u00e1i por parte de Estados Unidos en el siglo XIX.<\/p>\n\n\n\n<p>El anuncio de las nominaciones estuvo a cargo de la actriz Liza Col\u00f3n-Zayaes, de ascendencia puertorrique\u00f1a y conocida especialmente por la serie &#8216;The Bear&#8217;, y el actor y c\u00f3mico estadounidense Jeff Hiller.<\/p>\n\n\n\n<p>La ceremonia de entrega de los premios se celebrar\u00e1 el 14 de septiembre en el Teatro Peacock de Los \u00c1ngeles y ser\u00e1 transmitida por la cadena estadounidense NBC.<\/p>","protected":false},"excerpt":{"rendered":"<p>LOS ANGELES \u2014 El cantante Bad Bunny gan\u00f3 su primer Emmy en la noche de este s\u00e1bado gracias al espect\u00e1culo de medio tiempo del Super Bowl, durante la ceremonia de entrega de los Creative Arts Emmys, en Los \u00c1ngeles, California, que se celebran antes de la gala televisada, prevista para el pr\u00f3ximo 14 de septiembre. [&hellip;]<\/p>","protected":false},"author":102,"featured_media":1022947,"comment_status":"open","ping_status":"open","sticky":false,"template":"","format":"standard","meta":{"_acf_changed":false,"_monsterinsights_skip_tracking":false,"ep_exclude_from_search":false,"footnotes":""},"categories":[52,3],"tags":[947,952,1771],"class_list":["post-1022946","post","type-post","status-publish","format-standard","has-post-thumbnail","hentry","category-entretenimiento","category-noticias","tag-bad-bunny","tag-emmy","tag-super-bowl"],"acf":[],"aioseo_notices":[],"_links":{"self":[{"href":"https:\/\/noticel.com\/en\/wp-json\/wp\/v2\/posts\/1022946","targetHints":{"allow":["GET"]}}],"collection":[{"href":"https:\/\/noticel.com\/en\/wp-json\/wp\/v2\/posts"}],"about":[{"href":"https:\/\/noticel.com\/en\/wp-json\/wp\/v2\/types\/post"}],"author":[{"embeddable":true,"href":"https:\/\/noticel.com\/en\/wp-json\/wp\/v2\/users\/102"}],"replies":[{"embeddable":true,"href":"https:\/\/noticel.com\/en\/wp-json\/wp\/v2\/comments?post=1022946"}],"version-history":[{"count":1,"href":"https:\/\/noticel.com\/en\/wp-json\/wp\/v2\/posts\/1022946\/revisions"}],"predecessor-version":[{"id":1022948,"href":"https:\/\/noticel.com\/en\/wp-json\/wp\/v2\/posts\/1022946\/revisions\/1022948"}],"wp:featuredmedia":[{"embeddable":true,"href":"https:\/\/noticel.com\/en\/wp-json\/wp\/v2\/media\/1022947"}],"wp:attachment":[{"href":"https:\/\/noticel.com\/en\/wp-json\/wp\/v2\/media?parent=1022946"}],"wp:term":[{"taxonomy":"category","embeddable":true,"href":"https:\/\/noticel.com\/en\/wp-json\/wp\/v2\/categories?post=1022946"},{"taxonomy":"post_tag","embeddable":true,"href":"https:\/\/noticel.com\/en\/wp-json\/wp\/v2\/tags?post=1022946"}],"curies":[{"name":"wp","href":"https:\/\/api.w.org\/{rel}","templated":true}]}}