{"id":1022932,"date":"2026-09-06T10:41:29","date_gmt":"2026-09-06T14:41:29","guid":{"rendered":""},"modified":"2026-09-06T10:50:19","modified_gmt":"2026-09-06T14:50:19","slug":"abogado-de-power-expectations-dice-que-evalua-radicar-querellas-contra-abogado","status":"publish","type":"post","link":"https:\/\/noticel.com\/en\/noticias\/20260906\/abogado-de-power-expectations-dice-que-evalua-radicar-querellas-contra-abogado\/","title":{"rendered":"Abogado de Power Expectations dice que eval\u00faa radicar querellas contra abogado"},"content":{"rendered":"<p><\/p>\n\n\n\n<p>El asesor jur\u00eddico interno de Power Expectations, LLC, Abraham Freyre Medina, anunci\u00f3 que la empresa eval\u00faa radicar querellas por supuestos conflictos de inter\u00e9s, interferencia &nbsp;y espionaje corporativo contra el abogado Javier V\u00e1zquez Morales, de la firma O\u2019Neill &amp; Borges, por actuaciones relacionadas con el proyecto de generaci\u00f3n temporera adjudicado en Puerto Rico.<\/p>\n\n\n\n<p>\u201cPersonas como V\u00e1zquez Morales y otros que pudieran haber intentado interferir con el contrato de Power Expectations y la AEE tienen mucho que explicar y posiblemente tendr\u00e1n que enfrentar la justicia por los actos potencialmente ilegales que llevaron a cabo\u201d, &nbsp;dijo Freyre Medina en declaraciones escritas.<\/p>\n\n\n\n<p>Medina aleg\u00f3 que las declaraciones del zar de Energ\u00eda, Josu\u00e9 Col\u00f3n Ortiz, durante una vista p\u00fablica de la C\u00e1mara de Representantes permitieron conocer gestiones que atribuy\u00f3 a V\u00e1zquez Morales.<\/p>\n\n\n\n<p>Seg\u00fan el abogado, Col\u00f3n Ortiz declar\u00f3 haber recibido varios intentos de comunicaci\u00f3n de V\u00e1zquez Morales que describi\u00f3 como \u201cinapropiados\u201d y relacionados con el contrato entre Power Expectations y la Autoridad de Energ\u00eda El\u00e9ctrica.<\/p>\n\n\n\n<p>Freyre Medina sostuvo adem\u00e1s que V\u00e1zquez Morales indic\u00f3 a Col\u00f3n Ortiz que Enchanted Rock hab\u00eda sido \u201caparentemente err\u00f3neamente incluida\u201d como parte del consorcio de Power Expectations.<\/p>\n\n\n\n<p>\u201cEs en ese momento que comenzamos a considerar que sus gestiones eran maliciosas\u201d, expres\u00f3 Freyre Medina. El abogado afirm\u00f3 que V\u00e1zquez Morales conoc\u00eda los acuerdos suscritos entre Power Expectations y Enchanted Rock.<\/p>\n\n\n\n<p>\u201cClaramente, le estaba mintiendo a un oficial del gobierno\u201d, aleg\u00f3.<\/p><div class=\"notic-content-middle\" id=\"notic-388146678\"><div class=\"notic-adlabel\">Advertisements<\/div><a data-no-instant=\"1\" href=\"https:\/\/www.asegurate-bien.com\/\" rel=\"noopener\" class=\"a2t-link\" target=\"_blank\" aria-label=\"Acodese-Adaptaciones-Noticel-728&#215;90\"><img loading=\"lazy\" decoding=\"async\" src=\"https:\/\/cdn.noticel.com\/2026\/07\/30095222\/Acodese-Adaptaciones-Noticel-728x90-1.jpg\" alt=\"\"  srcset=\"https:\/\/cdn.noticel.com\/2026\/07\/30095222\/Acodese-Adaptaciones-Noticel-728x90-1.jpg 728w, https:\/\/cdn.noticel.com\/2026\/07\/30095222\/Acodese-Adaptaciones-Noticel-728x90-1-300x37.jpg 300w, https:\/\/cdn.noticel.com\/2026\/07\/30095222\/Acodese-Adaptaciones-Noticel-728x90-1-18x2.jpg 18w\" sizes=\"(max-width: 728px) 100vw, 728px\" width=\"728\" height=\"90\"   \/><\/a><\/div>\n\n\n\n<p>Freyre Medina plante\u00f3 adem\u00e1s posibles conflictos de inter\u00e9s por la relaci\u00f3n de V\u00e1zquez Morales con O\u2019Neill &amp; Borges, firma que asesora legalmente a la Junta Fiscal, mientras alegadamente hizo gestiones para Enchanted Rock.<\/p>\n\n\n\n<p>\u201cV\u00e1zquez no vio el claro conflicto que existe en asesorar a Enchanted Rock, a la Junta Fiscal y acceder al zar para influenciarlo\u201d, sostuvo.<\/p>\n\n\n\n<p>El abogado tambi\u00e9n aleg\u00f3 que V\u00e1zquez Morales sostuvo conversaciones durante aproximadamente dos semanas con oficiales de Flotek Industries, en las que habr\u00eda solicitado informaci\u00f3n sobre su participaci\u00f3n en el proyecto de energ\u00eda temporera y otros elementos confidenciales de la transacci\u00f3n.<\/p>\n\n\n\n<p>Seg\u00fan Freyre Medina, luego de obtener esa informaci\u00f3n se notific\u00f3 a los ejecutivos de Flotek que exist\u00eda un conflicto que imped\u00eda asumir su representaci\u00f3n.<\/p>\n\n\n\n<p>\u201cEl que V\u00e1zquez y su firma de abogados representen a la Junta, a Enchanted Rock e intenten contratar a Flotek, es la madre de los conflictos de inter\u00e9s\u201d, afirm\u00f3.<\/p>\n\n\n\n<p>Freyre Medina indic\u00f3 que eval\u00faan si durante esas gestiones se obtuvo indebidamente informaci\u00f3n confidencial o secretos comerciales y mencion\u00f3 posibles violaciones a las Reglas de Conducta Profesional de Puerto Rico y a la Ley para la Protecci\u00f3n de Secretos Comerciales e Industriales.<\/p>","protected":false},"excerpt":{"rendered":"<p>El asesor jur\u00eddico interno de Power Expectations, LLC, Abraham Freyre Medina, anunci\u00f3 que la empresa eval\u00faa radicar querellas por supuestos conflictos de inter\u00e9s, interferencia &nbsp;y espionaje corporativo contra el abogado Javier V\u00e1zquez Morales, de la firma O\u2019Neill &amp; Borges, por actuaciones relacionadas con el proyecto de generaci\u00f3n temporera adjudicado en Puerto Rico. \u201cPersonas como V\u00e1zquez [&hellip;]<\/p>","protected":false},"author":101,"featured_media":1022933,"comment_status":"open","ping_status":"open","sticky":false,"template":"","format":"standard","meta":{"_acf_changed":false,"_monsterinsights_skip_tracking":false,"ep_exclude_from_search":false,"footnotes":""},"categories":[4,3],"tags":[622,6790,152],"class_list":["post-1022932","post","type-post","status-publish","format-standard","has-post-thumbnail","hentry","category-gobierno","category-noticias","tag-energia-2","tag-power-expectations","tag-puerto-rico"],"acf":[],"aioseo_notices":[],"_links":{"self":[{"href":"https:\/\/noticel.com\/en\/wp-json\/wp\/v2\/posts\/1022932","targetHints":{"allow":["GET"]}}],"collection":[{"href":"https:\/\/noticel.com\/en\/wp-json\/wp\/v2\/posts"}],"about":[{"href":"https:\/\/noticel.com\/en\/wp-json\/wp\/v2\/types\/post"}],"author":[{"embeddable":true,"href":"https:\/\/noticel.com\/en\/wp-json\/wp\/v2\/users\/101"}],"replies":[{"embeddable":true,"href":"https:\/\/noticel.com\/en\/wp-json\/wp\/v2\/comments?post=1022932"}],"version-history":[{"count":3,"href":"https:\/\/noticel.com\/en\/wp-json\/wp\/v2\/posts\/1022932\/revisions"}],"predecessor-version":[{"id":1022937,"href":"https:\/\/noticel.com\/en\/wp-json\/wp\/v2\/posts\/1022932\/revisions\/1022937"}],"wp:featuredmedia":[{"embeddable":true,"href":"https:\/\/noticel.com\/en\/wp-json\/wp\/v2\/media\/1022933"}],"wp:attachment":[{"href":"https:\/\/noticel.com\/en\/wp-json\/wp\/v2\/media?parent=1022932"}],"wp:term":[{"taxonomy":"category","embeddable":true,"href":"https:\/\/noticel.com\/en\/wp-json\/wp\/v2\/categories?post=1022932"},{"taxonomy":"post_tag","embeddable":true,"href":"https:\/\/noticel.com\/en\/wp-json\/wp\/v2\/tags?post=1022932"}],"curies":[{"name":"wp","href":"https:\/\/api.w.org\/{rel}","templated":true}]}}