{"id":1022874,"date":"2026-09-05T17:21:31","date_gmt":"2026-09-05T21:21:31","guid":{"rendered":""},"modified":"2026-09-05T17:29:04","modified_gmt":"2026-09-05T21:29:04","slug":"la-dominicana-joheirry-mola-gana-en-vietnam-la-corona-del-miss-mundo-2026","status":"publish","type":"post","link":"https:\/\/noticel.com\/en\/noticias\/20260905\/la-dominicana-joheirry-mola-gana-en-vietnam-la-corona-del-miss-mundo-2026\/","title":{"rendered":"La dominicana Joheirry Mola gana en Vietnam la corona del Miss Mundo 2026"},"content":{"rendered":"<p>Nha Trang (Vietnam), (EFE).- La docente y comunicadora dominicana Joheirry Mola gan\u00f3 este s\u00e1bado en Vietnam la corona de Miss Mundo 2026, al imponerse en la final a la espa\u00f1ola Elisabeth Reyn\u00e9s, en una gala celebrada en la ciudad costera de Nha Trang, a unos 400 kil\u00f3metros al norte de Ho Chi Minh.<\/p>\n\n\n\n<p>La nueva reina de belleza, de 24 a\u00f1os, fue la \u00fanica de entre 111 candidatas que dijo unas palabras en espa\u00f1ol durante la ceremonia, celebrada en una plaza p\u00fablica durante cinco horas y que sufri\u00f3 algunos retrasos debido a breves precipitaciones que obligaron a los asistentes a ponerse bajo resguardo.<\/p>\n\n\n\n<p>En la pregunta final, Mola defendi\u00f3 la importancia de ense\u00f1ar ingl\u00e9s a los ni\u00f1os en las escuelas para ampliar sus oportunidades de aprendizaje y de comunicaci\u00f3n con el mundo.<\/p>\n\n\n\n<p>En las competencias preliminares, que arrancaron la segunda semana de agosto, la comunicadora consigui\u00f3 clasificarse entre las 40 semifinalistas al imponerse en el reto de pasarela en la categor\u00eda regional de Am\u00e9ricas y el Caribe, donde se midi\u00f3 con las abanderadas de M\u00e9xico, Colombia, Argentina, Venezuela, entre otras.<\/p>\n\n\n\n<p>En la noche final, retransmitida en directo en decenas de pa\u00edses, la dominicana avanz\u00f3 sin contratiempos a medida que el grupo de contendientes se reduc\u00eda a veinte, doce y seis finalistas.<\/p><div class=\"notic-content-middle\" id=\"notic-1655250147\"><div class=\"notic-adlabel\">Advertisements<\/div><a data-no-instant=\"1\" href=\"https:\/\/qrco.de\/bgxd5v\" rel=\"noopener\" class=\"a2t-link\" target=\"_blank\" aria-label=\"300X600-SEBUSCA2\"><img loading=\"lazy\" decoding=\"async\" src=\"https:\/\/cdn.noticel.com\/2026\/09\/02194415\/300X600-SEBUSCA2.jpg\" alt=\"\"  srcset=\"https:\/\/cdn.noticel.com\/2026\/09\/02194415\/300X600-SEBUSCA2.jpg 300w, https:\/\/cdn.noticel.com\/2026\/09\/02194415\/300X600-SEBUSCA2-150x300.jpg 150w, https:\/\/cdn.noticel.com\/2026\/09\/02194415\/300X600-SEBUSCA2-6x12.jpg 6w\" sizes=\"(max-width: 300px) 100vw, 300px\" width=\"300\" height=\"600\"   \/><\/a><\/div>\n\n\n\n<p>En ese \u00faltimo grupo tambi\u00e9n entraron las representantes de Malasia, Sud\u00e1frica, Vietnam, Eritrea y Espa\u00f1a, que se hizo con la segunda posici\u00f3n y con el t\u00edtulo de reina continental del certamen para Europa.<\/p>\n\n\n\n<p>La tailandesa Opal Suchata Chuangsri, que gan\u00f3 el t\u00edtulo en mayo de 2025 en India, entreg\u00f3 la corona a la dominicana, minutos despu\u00e9s de que los organizadores del certamen anunciaran que la pr\u00f3xima edici\u00f3n, la 74, se llevar\u00e1 a cabo en Tanzania, en septiembre de 2027.<\/p>\n\n\n\n<p>El concurso de Miss Mundo divide a las aspirantes en cuatro grandes grupos seg\u00fan sus lugares de procedencia (Asia y Ocean\u00eda, Am\u00e9ricas y Caribe, Europa y \u00c1frica) y de esa forma garantiza que estas cuatro regiones est\u00e9n representadas de forma igualitaria en el grupo de 40 clasificadas.<\/p>\n\n\n\n<p>Esta competencia de origen brit\u00e1nico, a diferencia del norteamericano Miss Universo, no incluye un desfile de las candidatas en traje de ba\u00f1o y, en cambio, ha dado cada vez m\u00e1s espacio para que las mujeres hablen sobre causas sociales y discutan temas de actualidad.&nbsp;<\/p>","protected":false},"excerpt":{"rendered":"<p>Nha Trang (Vietnam), (EFE).- La docente y comunicadora dominicana Joheirry Mola gan\u00f3 este s\u00e1bado en Vietnam la corona de Miss Mundo 2026, al imponerse en la final a la espa\u00f1ola Elisabeth Reyn\u00e9s, en una gala celebrada en la ciudad costera de Nha Trang, a unos 400 kil\u00f3metros al norte de Ho Chi Minh. La nueva [&hellip;]<\/p>","protected":false},"author":102,"featured_media":1022875,"comment_status":"open","ping_status":"open","sticky":false,"template":"","format":"standard","meta":{"_acf_changed":false,"_monsterinsights_skip_tracking":false,"ep_exclude_from_search":false,"footnotes":""},"categories":[52,3],"tags":[6526,6981],"class_list":["post-1022874","post","type-post","status-publish","format-standard","has-post-thumbnail","hentry","category-entretenimiento","category-noticias","tag-concurso-de-belleza","tag-miss-mundo"],"acf":[],"aioseo_notices":[],"_links":{"self":[{"href":"https:\/\/noticel.com\/en\/wp-json\/wp\/v2\/posts\/1022874","targetHints":{"allow":["GET"]}}],"collection":[{"href":"https:\/\/noticel.com\/en\/wp-json\/wp\/v2\/posts"}],"about":[{"href":"https:\/\/noticel.com\/en\/wp-json\/wp\/v2\/types\/post"}],"author":[{"embeddable":true,"href":"https:\/\/noticel.com\/en\/wp-json\/wp\/v2\/users\/102"}],"replies":[{"embeddable":true,"href":"https:\/\/noticel.com\/en\/wp-json\/wp\/v2\/comments?post=1022874"}],"version-history":[{"count":1,"href":"https:\/\/noticel.com\/en\/wp-json\/wp\/v2\/posts\/1022874\/revisions"}],"predecessor-version":[{"id":1022876,"href":"https:\/\/noticel.com\/en\/wp-json\/wp\/v2\/posts\/1022874\/revisions\/1022876"}],"wp:featuredmedia":[{"embeddable":true,"href":"https:\/\/noticel.com\/en\/wp-json\/wp\/v2\/media\/1022875"}],"wp:attachment":[{"href":"https:\/\/noticel.com\/en\/wp-json\/wp\/v2\/media?parent=1022874"}],"wp:term":[{"taxonomy":"category","embeddable":true,"href":"https:\/\/noticel.com\/en\/wp-json\/wp\/v2\/categories?post=1022874"},{"taxonomy":"post_tag","embeddable":true,"href":"https:\/\/noticel.com\/en\/wp-json\/wp\/v2\/tags?post=1022874"}],"curies":[{"name":"wp","href":"https:\/\/api.w.org\/{rel}","templated":true}]}}